{"id":1012,"date":"2023-12-22T11:57:27","date_gmt":"2023-12-22T10:57:27","guid":{"rendered":"https:\/\/mbagnickdiop.com\/?p=1012"},"modified":"2023-12-22T11:57:29","modified_gmt":"2023-12-22T10:57:29","slug":"m-mbagnick-diop-president-du-meds-linterview-cash","status":"publish","type":"post","link":"https:\/\/mbagnickdiop.com\/?p=1012","title":{"rendered":"M. Mbagnick DIOP &#8211; Pr\u00e9sident du MEDS: L\u2019interview cash !"},"content":{"rendered":"\n<h4 class=\"wp-block-heading\"><strong>En attendant les recettes d\u2019une industrialisation pour laquelle le Mouvement des entreprises du S\u00e9n\u00e9gal (MEDS) promet d\u2019engager ses ressources et ses \u00e9nergies, son Pr\u00e9sident, a boucl\u00e9 une ann\u00e9e bien remplie \u00e0 travers diff\u00e9rentes activit\u00e9s qui l\u2019ont conduit aux quatre coins du monde. De retour au pays, Mbagnick Diop a accept\u00e9 de s\u2019ouvrir \u00e0 nous et d\u2019apporter ses lumi\u00e8res pour \u00e9clairer les sentiers et les chantiers d\u2019un S\u00e9n\u00e9gal qu\u2019il veut voir int\u00e9grer les rangs des Nations d\u00e9velopp\u00e9es. Pour ce faire, les pr\u00e9requis ne manquent pas&nbsp;: ils tournent autour d\u2019un environnement des affaires ad\u00e9quat, la r\u00e9solution du probl\u00e8me de l\u2019emploi et l\u2019ouverture de la commande publique au secteur priv\u00e9, entre autres. Le tout, adoss\u00e9 \u00e0 une paix civile sans laquelle, rien ne se construit. Alors, des d\u00e9fis du secteur priv\u00e9, au financement du PIB, en passant par le PPP, ou encore le patriotisme \u00e9conomique, le pr\u00e9sident du MEDS ne l\u00e9sine sur la r\u00e9flexion\u2026&nbsp;<\/strong><\/h4>\n\n\n\n<h3 class=\"wp-block-heading\"><strong>Quel bilan du dernier mandat pr\u00e9sidentiel de Macky Sall tirez-vous, en termes de dynamisme \u00e9conomique pour les entreprises s\u00e9n\u00e9galaises ?<\/strong><\/h3>\n\n\n\n<p>Le dernier mandat du Pr\u00e9sident Macky Sall a \u00e9t\u00e9 marqu\u00e9 par deux \u00e9v\u00e8nements majeurs. Le premier c\u2019est d\u2019abord la pand\u00e9mie de la Covid 2019 qui a affect\u00e9 le monde entier, boulevers\u00e9 toute l\u2019\u00e9conomie, avec des cons\u00e9quences tr\u00e8s n\u00e9gatives sur l\u2019\u00e9volution politique, sociale et \u00e9conomique du monde. Le deuxi\u00e8me \u00e9v\u00e8nement marquant ce mandat, c\u2019est naturellement la guerre Russo-ukrainienne avec les crises diff\u00e9rentes. La crise alimentaire, la crise \u00e9conomique et donc qui sont les cons\u00e9quences de guerre. Notre pays faisant parti du monde global a subi sa part de cons\u00e9quences et a aussi enregistr\u00e9 des effets n\u00e9gatifs de ces crises-l\u00e0. Mais malgr\u00e9 celles-ci on peut constater que gr\u00e2ce \u00e0 l\u2019action du gouvernement de Macky Sall, avec la mise \u00e0 disposition du Fonds Covid, gr\u00e2ce aussi \u00e0 l\u2019engagement aux c\u00f4t\u00e9s du gouvernement, des entreprises priv\u00e9es s\u00e9n\u00e9galaises, notre pays a fait preuve d\u2019une grande r\u00e9silience.<\/p>\n\n\n\n<p>Une r\u00e9silience qui a permis d\u2019amortir les chocs sociaux, \u00e9conomiques, si effectivement les mesures n\u2019\u00e9taient pas prises au niveau de ces entit\u00e9s, c\u2019est-\u00e0-dire le gouvernement, et l\u2019ensemble des entreprises priv\u00e9es s\u00e9n\u00e9galaises. Aujourd\u2019hui, la situation est en train de se stabiliser petit \u00e0 petit et le gouvernement apr\u00e8s les PAP : PAP1 et PAP2, a engag\u00e9 une dynamique inclusive avec le PAP3. Une dynamique visant \u00e0 d\u00e9finir par les acteurs, priv\u00e9s et publics, une strat\u00e9gie nationale de d\u00e9veloppement du secteur priv\u00e9. Ce document a \u00e9t\u00e9 adopt\u00e9 et contient des propositions et des actions fortes. Cet instrument contient les actions que le gouvernement assigne au secteur priv\u00e9 et renferme les conditions que le gouvernement doit remplir pour permettre aux acteurs du secteur priv\u00e9 de jouer son r\u00f4le et la mise en place de cette strat\u00e9gie, son application tr\u00e8s prochaine, la confiance que les acteurs portent \u00e0 cette strat\u00e9gie permettront au S\u00e9n\u00e9gal d\u2018engager et de conna\u00eetre un nouveau dynamisme \u00e9conomique.<\/p>\n\n\n\n<figure class=\"wp-block-image\" id=\"attachment_93516\"><img decoding=\"async\" src=\"https:\/\/rewmi.com\/wp-content\/uploads\/2023\/05\/INV3-e1685121945443-300x199.jpg\" alt=\"ECONOMIE \/ Mbagnick Diop : \u2018\u2019\" class=\"wp-image-93516\" title=\"M. MBAGNICK DIOP, PRESIDENT DU MEDS: L\u2019interview cash\u00a0!\u00a0 2\"\/><\/figure>\n\n\n\n<h3 class=\"wp-block-heading\">A<strong>&nbsp;deux mois de l\u2019\u00e9lection pr\u00e9sidentielle, comment qualifierez-vous l\u2019environnement actuel des affaires ? Doit-on craindre un ralentissement de l\u2019activit\u00e9 \u00e9conomique ?<\/strong><\/h3>\n\n\n\n<p>Aujourd\u2019hui, naturellement les conditions d\u2019\u00e9volution du secteur priv\u00e9 S\u00e9n\u00e9galais sont tr\u00e8s difficiles. Ces conditions sont difficiles car nos entreprises, compos\u00e9es essentiellement de PME\/PMI, sont confront\u00e9es \u00e0 deux d\u00e9fis. Le premier d\u00e9fi principal c\u2019est d\u2019abord le probl\u00e8me du financement des entreprises s\u00e9n\u00e9galaises. Car tout le monde sait que les banques s\u00e9n\u00e9galaises, bien que \u2018\u2019surliquides\u2019\u2019 participent tr\u00e8s peu au financement du PIB national s\u00e9n\u00e9galais. Aujourd\u2019hui les conditions financi\u00e8res impos\u00e9es par les banques aux entreprises s\u00e9n\u00e9galaises sont des conditions difficiles, qui rendent compliqu\u00e9 l\u2019acc\u00e8s au cr\u00e9dit. C\u2019est une grande probl\u00e9matique car les conditions sont extr\u00eamement difficiles et les taux d\u2019int\u00e9r\u00eat pratiqu\u00e9s sont tr\u00e8s \u00e9lev\u00e9s, ne permettant pas \u00e0 une PME et PMI d\u2019emprunter, de rembourser et de faire des profits.<\/p>\n\n\n\n<p>La deuxi\u00e8me chose, pour acc\u00e9der aux cr\u00e9dits bancaires les garanties et suret\u00e9s financi\u00e8res exig\u00e9es sont hors de port\u00e9e de la PME-PMI s\u00e9n\u00e9galaise. Troisi\u00e8me chose : le corpus du r\u00e8glement prudentiel de la BCEAO est contraignant et ne facilite pas l\u2019acc\u00e8s au cr\u00e9dit. Je voudrai souligner deux probl\u00e8mes. Celui du taux de conversion de la BCEAO, pour pr\u00eater aux entreprises. Un taux tr\u00e8s \u00e9lev\u00e9 et qui ne permette pas de disposer de cr\u00e9dits longs, adapt\u00e9s \u00e0 la condition de la PME-PMI. Il y a le niveau de r\u00e9serves&nbsp;obligatoires qui mobilise des fonds st\u00e9riles et qui ne sont pas employ\u00e9s au profit de l\u2019\u00e9conomie s\u00e9n\u00e9galaise.<\/p>\n\n\n\n<figure class=\"wp-block-image\"><img decoding=\"async\" src=\"https:\/\/rewmi.com\/wp-content\/uploads\/2021\/02\/Mbagnick-diop-large_1-660x330-1-300x150.jpg\" alt=\"Mbagnick diop large 1 660x330 1\" class=\"wp-image-18368\" title=\"M. MBAGNICK DIOP, PRESIDENT DU MEDS: L\u2019interview cash\u00a0!\u00a0 3\"\/><\/figure>\n\n\n\n<p>Donc, l\u2019obstacle financier est important&nbsp;; il est infranchissable. L\u2019autre chose c\u2019est le&nbsp;faible&nbsp;niveau d\u2019acc\u00e8s du secteur priv\u00e9 national s\u00e9n\u00e9galais \u00e0 la commande publique. Aujourd\u2019hui, la plupart des march\u00e9s importants au S\u00e9n\u00e9gal sont attribu\u00e9s \u00e0 des groupes multinationaux \u00e9trangers, \u00e0 des entreprises \u00e9trang\u00e8res avec de grandes surfaces financi\u00e8res. Tandis qu\u2019\u00e0 c\u00f4t\u00e9, les entreprises s\u00e9n\u00e9galaises se contentent et n\u2019ont que des miettes et des petits march\u00e9s et v\u00e9g\u00e8tent dans la sous-traitance.&nbsp;Il faut davantage mettre l\u2019accent sur le patriotisme \u00e9conomique pour permettre aux PMI et PME s\u00e9n\u00e9galaises d\u2019acc\u00e9der de mani\u00e8re plus ample \u00e0 la commande publique.&nbsp;Deux questions qui sont \u00e0 r\u00e9gler et imp\u00e9rativement au S\u00e9n\u00e9gal.<\/p>\n\n\n\n<p>Si ces questions ne sont pas r\u00e9gl\u00e9es, l\u2019avenir de l\u2019entreprise s\u00e9n\u00e9galaise restera sombre. Si ces questions ne sont pas r\u00e9gl\u00e9es, la p\u00e9rennit\u00e9 et le d\u00e9veloppement de nos unit\u00e9s de production de nos entreprises se poseront.<\/p>\n\n\n\n<h3 class=\"wp-block-heading\"><strong>Selon vous, quelles sont les priorit\u00e9s ou grandes orientations pour am\u00e9liorer les relations entre les acteurs \u00e9conomiques et les pouvoirs publics durant l\u2019ann\u00e9e 2024 ?<\/strong><\/h3>\n\n\n\n<p>Je pense que pour am\u00e9liorer les relations entre les entreprises s\u00e9n\u00e9galaises et les pouvoirs publics, les actions sont d\u00e9j\u00e0 esquiss\u00e9es dans les r\u00e9ponses aux deux questions pr\u00e9c\u00e9dentes. Il faut d\u2019abord que les pouvoirs publics accordent la confiance qu\u2019il faut aux entreprises s\u00e9n\u00e9galaises. Que le gouvernement s\u00e9n\u00e9galais accorde \u00e0 son secteur public toute la confiance n\u00e9cessaire. C\u2019est un probl\u00e8me de base. Il faudrait aussi que les pouvoirs publics sachent que tout ce qui est bon pour le S\u00e9n\u00e9gal est bon pour l\u2019entreprise s\u00e9n\u00e9galaise et que l\u2019entreprise est le moteur de l\u2019\u00e9conomie. L\u2019entreprise cr\u00e9e de la richesse, des emplois&nbsp;; elle fait reculer la pauvret\u00e9, combat la pr\u00e9carit\u00e9 et donc l\u2019entreprise doit \u00eatre au c\u0153ur de toute l\u2019action politique, \u00e9conomique et sociale du gouvernement. Si cela est compris, naturellement, ce pays se mobilisera autour de son entreprise, de ses partenaires \u00e9conomiques, autour de ses capitaines d\u2019industrie pour faire devenir un pays riche, prosp\u00e8re o\u00f9 il fera bon vivre.<\/p>\n\n\n\n<figure class=\"wp-block-image\" id=\"attachment_111619\"><img decoding=\"async\" src=\"https:\/\/rewmi.com\/wp-content\/uploads\/2023\/12\/WhatsApp-Image-2023-12-22-at-10.32.33-e1703241241371-300x173.jpeg\" alt=\"M. MBAGNICK DIOP, PRESIDENT DU MEDS: L\u2019interview cash\u00a0!\u00a0\" class=\"wp-image-111619\" title=\"M. MBAGNICK DIOP, PRESIDENT DU MEDS: L\u2019interview cash\u00a0!\u00a0 4\"\/><figcaption class=\"wp-element-caption\">M. MBAGNICK DIOP, PRESIDENT DU MEDS: L\u2019interview cash&nbsp;!<\/figcaption><\/figure>\n\n\n\n<p>La derni\u00e8re chose \u00e0 souligner c\u2019est que l\u2019Etat doit appuyer l\u2019entreprise s\u00e9n\u00e9galaise, faciliter son acc\u00e8s aux financements publics et aux cr\u00e9dits, son acc\u00e8s \u00e0 la commande publique et que l\u2019Etat du S\u00e9n\u00e9gal veille \u00e0 ne pas toujours approfondir, grandir et \u00e9largir la dette int\u00e9rieure, la dette due aux entreprises. Aujourd\u2019hui, dans beaucoup de secteurs, des entreprises sont en difficult\u00e9s \u00e0 cause de cette dette. Il faut que cette question&nbsp; soit adress\u00e9e et consid\u00e9r\u00e9e comme fondamentale et centrale. Il faut \u00e9ponger la dette int\u00e9rieure, appuyer les entreprises s\u00e9n\u00e9galaises, faciliter leur acc\u00e8s \u00e0 la commande publique. Si toutes les exigences sont remplies, l\u2019entreprise sera dans les conditions optimales pour jouer son r\u00f4le et tirer notre d\u00e9veloppement \u00e9conomique et social pour l\u2019ensemble des s\u00e9n\u00e9galais.<\/p>\n\n\n\n<h3 class=\"wp-block-heading\"><strong>Monsieur le Pr\u00e9sident, vous \u00eates un pr\u00e9curseur de la lutte contre le ch\u00f4mage des jeunes, en particulier des jeunes dipl\u00f4m\u00e9s depuis plus de deux d\u00e9cennies avec le Forum du 1<\/strong><strong>er<\/strong><strong>&nbsp;Emploi, comment analyser aujourd\u2019hui le probl\u00e8me de l\u2019emploi au S\u00e9n\u00e9gal ?<\/strong><\/h3>\n\n\n\n<p>J\u2019ai dit que le S\u00e9n\u00e9gal connait un fort taux de ch\u00f4mage.&nbsp;Notre pays a une population extr\u00eamement jeune. Selon les statiques, 75% des s\u00e9n\u00e9galais ont moins de 35 ans. Cette masse de jeunes est confront\u00e9e \u00e0 des difficult\u00e9s \u00e9normes pour acc\u00e9der \u00e0 un emploi d\u00e9cent. Cette situation qui est devenu une pr\u00e9occupation nationale inqui\u00e8te le gouvernement, pr\u00e9occupe les situations et interpelle toute la communaut\u00e9 internationale. Nous sommes tous conscients de la persistance de ces forts taux de ch\u00f4mage qui sont une bombe sociale qu\u2019il faut d\u00e9samorcer si nous voulons conserver la stabilit\u00e9 de notre pays, sauvegarder la paix civile. Notre mouvement le MEDS, il y a deux d\u00e9cennies, observant la tendance haussi\u00e8re et dangereuse du ch\u00f4mage, avait alert\u00e9 et invit\u00e9 les s\u00e9n\u00e9galais \u00e0 se mobiliser autour de la question et \u00e0 la r\u00e9solution de la question du ch\u00f4mage.<\/p>\n\n\n\n<figure class=\"wp-block-image\"><img decoding=\"async\" src=\"https:\/\/rewmi.com\/wp-content\/uploads\/2020\/10\/Mbagnick_Diop_avec_Serigne_Mountakha-300x150.jpg\" alt=\"Mbagnick Diop avec Serigne Mountakha\" class=\"wp-image-9147\" title=\"M. MBAGNICK DIOP, PRESIDENT DU MEDS: L\u2019interview cash\u00a0!\u00a0 5\"\/><\/figure>\n\n\n\n<p>D\u00e8s lors, notre pays pr\u00f4nait la t\u00eate d\u2019une croisade contre le ch\u00f4mage avec des initiatives hardies qui visaient toutes \u00e0 \u00e9lever l\u2019employabilit\u00e9 des jeunes et qui visait \u00e0 proposer aux jeunes&nbsp;des emplois d\u00e9cents pour leur permettre de vaincre ce fl\u00e9au qu\u2019est le ch\u00f4mage.&nbsp;Nous sommes conscients que sans la r\u00e9solution de cette question, notre pays court des risques d\u2019instabilit\u00e9 sociale car tout le monde est conscient que la mis\u00e8re, la pauvret\u00e9 et la pr\u00e9carit\u00e9 ne peuvent pas durer sans cons\u00e9quence sur la paix civile. C\u2019est ainsi que le MEDS a lanc\u00e9 plusieurs initiatives dont le Forum du premier emploi. Ce forum qui aujourd\u2019hui est devenu le plus grand rassemblement de jeunes en qu\u00eate d\u2019une insertion professionnelle.<\/p>\n\n\n\n<p>Des milliers de jeunes ont retrouv\u00e9 le sourire et acc\u00e9d\u00e9 \u00e0 un contrat de travail, en CDD ou en CDI, gr\u00e2ce \u00e0 ce forum qui est totalement gratuit. Et, au fil du temps, il est devenu une bou\u00e9e de sauvetage pour les jeunes qui se noyaient dans l\u2019oc\u00e9an du sous-emploi, de la pr\u00e9carit\u00e9 et des loisirs.&nbsp;Le MEDS continue d\u2019\u00eatre dans cette lanc\u00e9e avec un vaste mouvement&nbsp;de lutte contre le ch\u00f4mage, d\u2019un vaste mouvement pour la r\u00e9novation du tissu \u00e9conomique et social pour offrir aux jeunes des emplois d\u00e9cents.<\/p>\n\n\n\n<h3 class=\"wp-block-heading\"><strong>Comment le MEDS et d\u2019une mani\u00e8re g\u00e9n\u00e9rale le Secteur priv\u00e9 \u00e9volue dans le contexte pr\u00e9\u00e9lectoral ?<\/strong><\/h3>\n\n\n\n<p>Le S\u00e9n\u00e9gal va organiser le 25 f\u00e9vrier 2024 une \u00e9lection pr\u00e9sidentielle. Donc cette \u00e9lection sera l\u2019occasion de choisir la femme ou l\u2019homme qui va pr\u00e9sider aux destin\u00e9es de notre pays pour les 5 prochaines ann\u00e9es. Comme vous le savez, le contexte pr\u00e9\u00e9lectoral dans nos pays est un moment particulier, d\u2019h\u00e9sitation sociale, d\u2019agitation politique, un moment souvent propice&nbsp; aux d\u00e9sordres. Nous, en tant que MEDS, organisation patronale priv\u00e9e, nous tenons \u00e0 rappeler que les \u00e9lections sont un moment important dans la vie d\u2019une nation mais, restent un moment ordinaire qui permet \u00e0 chaque citoyen de choisir son candidat pour diriger le pays. Ce moment ne doit pas \u00eatre un moment de tensions mais un moment de confrontations des id\u00e9es. Cela doit \u00eatre un moment de choc des arguments, de propositions, o\u00f9 tous les candidats, mus uniquement par l\u2019int\u00e9r\u00eat national, doivent proposer des pistes de solutions aux probl\u00e8mes qui assaillent notre pays. C\u2019est pourquoi le MEDS appelle \u00e0 la s\u00e9r\u00e9nit\u00e9, au civisme, \u00e0 sens de responsabilit\u00e9 pour que le moment puisse passer sans probl\u00e8mes, pour le pays et sans grands heurts pour le S\u00e9n\u00e9gal. On ose esp\u00e9rer que la campagne qui va d\u00e9marrer sera paisible, responsable, o\u00f9 le choc des id\u00e9es l\u2019emportera sur la violence physique.<\/p>\n\n\n\n<figure class=\"wp-block-image\"><img decoding=\"async\" src=\"https:\/\/rewmi.com\/wp-content\/uploads\/2023\/12\/telechargement-3-14.jpg\" alt=\"telechargement 3 14\" class=\"wp-image-111622\" title=\"M. MBAGNICK DIOP, PRESIDENT DU MEDS: L\u2019interview cash\u00a0!\u00a0 6\"\/><\/figure>\n\n\n\n<p>Une campagne o\u00f9 la pertinence des arguments l\u2019emportera sur la force. Une campagne o\u00f9 la vigueur de l\u2019argument l\u2019emportera sur la force physique. En tout cas nous MEDS, en ce qui nous concerne nous allons jouer notre r\u00f4le pour contribuer \u00e0 l\u2019apaisement dans ce pays pour un cheminement organis\u00e9 vers les \u00e9lections et que le meilleur gagne et que le pays poursuive sa marche vers le d\u00e9veloppement. Le pays d\u00e9passe les \u00e9lections et il sera l\u00e0 apr\u00e8s les \u00e9lections donc il faut \u00eatre conscient que l\u2019int\u00e9r\u00eat du S\u00e9n\u00e9gal, l\u2019int\u00e9r\u00eat de la nation doit l\u2019emporter sur la passion et l\u2019\u00e9go\u00efsme de tous bords qui se r\u00e9veille et s\u2019expriment pendant les p\u00e9riodes \u00e9lectorales. C\u2019est cela l\u2019appel que nous lan\u00e7ons \u00e0 l\u2019endroit des s\u00e9n\u00e9galais, \u00e0 l\u2019endroit des acteurs politiques, qui dans ce pays vont entrer en comp\u00e9tition pour b\u00e9n\u00e9ficier de la confiance de notre peuple.<\/p>\n\n\n\n<p>Le MEDS en ce qui le concerne travaillera \u00e0 cela et va rencontrer les forces politiques pour passer avec elles, un pacte de responsabilit\u00e9, un pacte de fraternit\u00e9, un pacte de paix, pour que le S\u00e9n\u00e9gal sorte gagnant de l\u2019\u00e9lection pr\u00e9sidentielle.<\/p>\n\n\n\n<h3 class=\"wp-block-heading\"><strong>Votre avis et analyses sur les perspectives \u00e9conomiques du S\u00e9n\u00e9gal ?<\/strong><\/h3>\n\n\n\n<p>Le S\u00e9n\u00e9gal, comme l\u2019ensemble des pays de la plan\u00e8te, vient de sortir de la crise du Covid 19 et subit aujourd\u2019hui les cons\u00e9quences et les chocs produits par la guerre russo-ukrainienne. Malgr\u00e9 ce double choc, notre pays a r\u00e9sist\u00e9 et fait preuve d\u2019une grande r\u00e9silience \u00e9conomique et sociale. S\u2019il en est ainsi, c\u2019est que les acteurs \u00e9conomiques et sociaux, priv\u00e9s comme publics, sont r\u00e9solument engag\u00e9s \u00e0 consentir des sacrifices \u00e9normes et faire preuve de patriotisme pour relever les d\u00e9fis et&nbsp;permettre \u00e0 notre pays de r\u00e9sister mais aussi de pouvoir renouer avec une croissance \u00e9conomique appr\u00e9ciable. Cette situation, nous devons la consolider et faire en sorte que notre pays continue sa progression et sa marche vers le peloton des pays en \u00e9mergence \u00e9conomique. Et cette situation de progr\u00e8s, elle se consolide. Nous sommes en train de la construire et nous d\u00e9vons la consolider surtout en mettant l\u2019entreprise au c\u0153ur de nos actions. Elle est le foyer de cr\u00e9ation de richesses et doit retenir toute notre attention et doit faire l\u2019objet de nos sollicitudes.<\/p>\n\n\n\n<p>A notre avis, tout ce qui concerne l\u2019entreprise, et qui la d\u00e9veloppe est bon pour le S\u00e9n\u00e9gal. Nous, entreprises du secteur priv\u00e9, on s\u2019est engag\u00e9s avec le gouvernement pour construire une strat\u00e9gie nationale du secteur priv\u00e9 s\u00e9n\u00e9galais. Elle repose sur un postulat. Le gouvernement fixe au secteur priv\u00e9 des objectifs. Objectifs d\u2019investissement de croissance, de d\u00e9veloppement \u00e9conomique et social, de cr\u00e9ation d\u2019emplois et, en retour, le secteur priv\u00e9 va d\u00e9finir les strat\u00e9gies pour savoir quels sont les moyens qu\u2019on va lui donner pour jouer ce r\u00f4le-l\u00e0. Quelles sont les r\u00e9formes que le gouvernement s\u00e9n\u00e9galais doit engager pour que le secteur priv\u00e9 national reste dans les meilleures conditions pour jouer son r\u00f4le. Si ce pacte est respect\u00e9 par les acteurs et que le gouvernement prend les r\u00e9formes&nbsp;n\u00e9cessaires et, appuie le secteur priv\u00e9 de fa\u00e7on massive, claire, et efficace, le secteur priv\u00e9 va s\u2019engager \u00e0 r\u00e9aliser les conditions de d\u00e9veloppement que le gouvernement lui fixera. Ce sont l\u00e0 les deux piliers du pacte. Appui au secteur priv\u00e9 et engagement du secteur priv\u00e9. Le MEDS est dans cette perspective et pr\u00eat \u00e0 parcourir son chemin.<\/p>\n\n\n\n<p>Le MEDS accorde une attention particuli\u00e8re \u00e0 la question de l\u2019industrialisation du S\u00e9n\u00e9gal. Nous savons qu\u2019un pays ne peut pas se d\u00e9velopper sans industries. Actuellement, le S\u00e9n\u00e9gal a les atouts pour d\u00e9velopper et commencer \u00e0 faire essaimer un tissu de PME et de PMI et surtout une production agricole. Le pays est en train de r\u00e9aliser au plan agricole de performances in\u00e9dites mais ces produits agricoles ne sont ni transform\u00e9s ni conditionn\u00e9s&nbsp;; ils sont export\u00e9s \u00e0 l\u2019\u00e9tat brut. Un tr\u00e8s peu de plus-value. Le secteur priv\u00e9 s\u00e9n\u00e9galais souhaiterait, avec le gouvernement, r\u00e9fl\u00e9chir ensemble pour voir les conditions de transformation de nos produits agricoles. Dans le domaine de la sant\u00e9, dans le domaine pharmaceutique, des industries chimiques, le S\u00e9n\u00e9gal a des comp\u00e9tences et il ne reste qu\u2019\u00e0 mettre les conditions pour que nous puissions&nbsp;voir essaimer des tissus Pme et Pmi.<\/p>\n\n\n\n<figure class=\"wp-block-image\"><img decoding=\"async\" src=\"https:\/\/rewmi.com\/wp-content\/uploads\/2023\/12\/MM8-300x200.webp\" alt=\"MM8\" class=\"wp-image-111623\" title=\"M. MBAGNICK DIOP, PRESIDENT DU MEDS: L\u2019interview cash\u00a0!\u00a0 7\"\/><\/figure>\n\n\n\n<p>Le MEDS est pr\u00eat \u00e0 s\u2019engager pour \u00eatre le moteur de l\u2019industrialisation prochain du pays. Nous avons les moyens, l\u2019envie, la comp\u00e9tence, la volont\u00e9 et ce qui nous reste c\u2019est que le gouvernement et l\u2019Etat du S\u00e9n\u00e9gal puissent comprendre l\u2019importance de l\u2019industrie dans le d\u00e9veloppement \u00e9conomique et nous apporter son soutien. Nous estimons que le S\u00e9n\u00e9gal est sur la bonne voie. Les indicateurs macro- \u00e9conomiques sont bons, les politiques \u00e9conomiques futures ont \u00e9t\u00e9 construites sur un consensus avec le secteur priv\u00e9 et le gouvernement. Il ne reste que l\u2019engagement des parties pour que le pays franchisse un pas et aille vers le d\u00e9veloppement de l\u2019industrialisation du pays afin de mieux r\u00e9soudre le probl\u00e8me du ch\u00f4mage.<\/p>\n\n\n\n<h3 class=\"wp-block-heading\"><strong>Vos conclusions et recommandations en votre qualit\u00e9 de Pr\u00e9sident du MEDS !<\/strong><\/h3>\n\n\n\n<p>Pour les conclusions et quelques recommandations, je pense que si aujourd\u2019hui nous voulons atteindre nos objectifs de d\u00e9veloppement \u00e9conomique, et social, il y a des conditions indispensables qu\u2019il nous faut remplir. Il y a une attitude nouvelle favorable \u00e0 l\u2019entreprise \u00e0 adopter. La premi\u00e8re condition c\u2019est d\u2019abord de mettre en place un syst\u00e8me de financement de l\u2019entreprise s\u00e9n\u00e9galaise.&nbsp; L\u2019entreprise a besoin de ce syst\u00e8me bancaire en guise d\u2019appui pour r\u00e9gler ses besoins en investissement. Mettre en place un syst\u00e8me plus favorable, r\u00e9duire les goulots d\u2019\u00e9tranglements \u00e0 l\u2019acc\u00e8s aux cr\u00e9dits, r\u00e9duire les obstacles qui freinent cet acc\u00e8s. Nous pouvons souligner parmi ces obstacles, les taux d\u2019int\u00e9r\u00eats trop \u00e9lev\u00e9s dans le syst\u00e8me bancaire, avec une absence de cr\u00e9dit long adapt\u00e9 au d\u00e9veloppement des PME et PMI, l\u2019existence de conditions de garantie trop \u00e9lev\u00e9es et qui ne sont pas \u00e0 la port\u00e9e des PMI et PME.<\/p>\n\n\n\n<p>La deuxi\u00e8me chose, c\u2019est l\u2019acc\u00e8s \u00e0 la commande publique. Aujourd\u2019hui, tout le monde sait que la plupart des projets publics et des grands march\u00e9s sont attribu\u00e9s \u00e0 des soci\u00e9t\u00e9s \u00e9trang\u00e8res et pas de soci\u00e9t\u00e9s de droits s\u00e9n\u00e9galais. La premi\u00e8re mesure c\u2019est d\u2019abord de pratiquer effectivement sur le terrain les principes du patriotisme \u00e9conomique et des clauses de pr\u00e9f\u00e9rence \u00e0 l\u2019entreprise nationale pour attribution de la commande publique. Il faut pour la troisi\u00e8me chose, revoir le syst\u00e8me fiscal s\u00e9n\u00e9galais qui aujourd\u2019hui est tr\u00e8s compliqu\u00e9. Il faut all\u00e9ger les proc\u00e9dures fiscales mais aussi all\u00e9ger les taux de la fiscalit\u00e9 qui p\u00e8sent de mani\u00e8re n\u00e9gative sur la tr\u00e9sorerie des entreprises s\u00e9n\u00e9galaises. Ces questions sont essentielles et nous pensons que le S\u00e9n\u00e9gal pourra continuer sa marche vers le d\u00e9veloppement mais il pourra favoriser une r\u00e9partition juste des produits du travail de chaque s\u00e9n\u00e9galais, de chaque entit\u00e9 s\u00e9n\u00e9galaise.<\/p>\n\n\n\n<p>Et aussi d\u00e9velopper la solidarit\u00e9 nationale, vers les jeunes, vers les personnes du 3\u00e8me \u00e2ge.&nbsp;Nous devons cr\u00e9er une soci\u00e9t\u00e9 o\u00f9 chaque citoyen doit trouver une bonne raison de vivre, de s\u2019\u00e9panouir, et de se d\u00e9velopper\u2026<\/p>\n","protected":false},"excerpt":{"rendered":"<p>En attendant les recettes d\u2019une industrialisation pour laquelle le Mouvement des entreprises du S\u00e9n\u00e9gal (MEDS) promet d\u2019engager ses ressources et ses \u00e9nergies, son Pr\u00e9sident, a boucl\u00e9 une ann\u00e9e bien remplie \u00e0 travers diff\u00e9rentes activit\u00e9s qui l\u2019ont conduit aux quatre coins du monde. De retour au pays, Mbagnick Diop a accept\u00e9 de s\u2019ouvrir \u00e0 nous et&hellip; <br \/> <a class=\"read-more\" href=\"https:\/\/mbagnickdiop.com\/?p=1012\">Lire la suite<\/a><\/p>\n","protected":false},"author":1,"featured_media":1013,"comment_status":"closed","ping_status":"closed","sticky":false,"template":"","format":"standard","meta":{"footnotes":""},"categories":[12],"tags":[],"class_list":["post-1012","post","type-post","status-publish","format-standard","has-post-thumbnail","hentry","category-actualites"],"_links":{"self":[{"href":"https:\/\/mbagnickdiop.com\/index.php?rest_route=\/wp\/v2\/posts\/1012","targetHints":{"allow":["GET"]}}],"collection":[{"href":"https:\/\/mbagnickdiop.com\/index.php?rest_route=\/wp\/v2\/posts"}],"about":[{"href":"https:\/\/mbagnickdiop.com\/index.php?rest_route=\/wp\/v2\/types\/post"}],"author":[{"embeddable":true,"href":"https:\/\/mbagnickdiop.com\/index.php?rest_route=\/wp\/v2\/users\/1"}],"replies":[{"embeddable":true,"href":"https:\/\/mbagnickdiop.com\/index.php?rest_route=%2Fwp%2Fv2%2Fcomments&post=1012"}],"version-history":[{"count":1,"href":"https:\/\/mbagnickdiop.com\/index.php?rest_route=\/wp\/v2\/posts\/1012\/revisions"}],"predecessor-version":[{"id":1014,"href":"https:\/\/mbagnickdiop.com\/index.php?rest_route=\/wp\/v2\/posts\/1012\/revisions\/1014"}],"wp:featuredmedia":[{"embeddable":true,"href":"https:\/\/mbagnickdiop.com\/index.php?rest_route=\/wp\/v2\/media\/1013"}],"wp:attachment":[{"href":"https:\/\/mbagnickdiop.com\/index.php?rest_route=%2Fwp%2Fv2%2Fmedia&parent=1012"}],"wp:term":[{"taxonomy":"category","embeddable":true,"href":"https:\/\/mbagnickdiop.com\/index.php?rest_route=%2Fwp%2Fv2%2Fcategories&post=1012"},{"taxonomy":"post_tag","embeddable":true,"href":"https:\/\/mbagnickdiop.com\/index.php?rest_route=%2Fwp%2Fv2%2Ftags&post=1012"}],"curies":[{"name":"wp","href":"https:\/\/api.w.org\/{rel}","templated":true}]}}