{"id":404,"date":"2020-11-28T15:56:00","date_gmt":"2020-11-28T14:56:00","guid":{"rendered":"https:\/\/mbagnickdiop.com\/?p=404"},"modified":"2021-02-01T16:00:38","modified_gmt":"2021-02-01T15:00:38","slug":"emission-grand-oral","status":"publish","type":"post","link":"https:\/\/mbagnickdiop.com\/?p=404","title":{"rendered":"Emission Grand Oral"},"content":{"rendered":"\n<p><strong><em>Ce samedi 28 novembre 2020 , le pr\u00e9sident&nbsp; du MEDS, \u00e9tait pr\u00e9sent sur le plateau de l\u2019\u00e9mission \u00ab&nbsp;Grand Oral&nbsp;\u00bb de Rewmi Fm. Entre les affaires qui touchent le Plan relance \u00e9conomique, l\u2019\u00e9ventualit\u00e9 d\u2019une deuxi\u00e8me vague de Covid-19, l\u2019emploi des jeunes, l\u2019\u00e9migration clandestine, les sujets \u00e9voqu\u00e9s ont \u00e9t\u00e9 nombreux. Morceaux choisis.<\/em><\/strong><\/p>\n\n\n\n<p><strong>Vous avez re\u00e7u, mardi dernier, des mains du chef de l\u2019Etat, Macky Sall l\u2019insigne de Grand Officier de l\u2019Ordre national du Lion. Quel commentaire faites-vous?<\/strong><\/p>\n\n\n\n<p>C\u2019\u00e9tait un honneur pour nous. Vous savez en 2003, le pr\u00e9sident Abdoulaye Wade m\u2019avait \u00e9lev\u00e9 au rang de chevalier et mardi dernier le pr\u00e9sident Macky Sall en a fait de m\u00eame. Ce, en reconnaissant ce que nous faisons pour le pays. A titre personnel, toutes les actions que je m\u00e8ne, le socle est l\u2019int\u00e9r\u00eat g\u00e9n\u00e9ral. Donc pour moi, c\u2019est une distinction qui me motive encore davantage pour faire plus encore et soutenir les couches les plus d\u00e9favoris\u00e9es ici au S\u00e9n\u00e9gal et aussi ceux qui ont besoin d\u2019\u00eatre accompagn\u00e9s, d\u2019\u00eatre soutenus dans l\u2019entrepreneuriat.<\/p>\n\n\n\n<p><strong>Quel est aujourd\u2019hui l\u2019\u00e9tat du climat des affaires au S\u00e9n\u00e9gal relativement \u00e0 la Covid?<\/strong><\/p>\n\n\n\n<p>Je pense que c\u2019est partout pareil. La situation \u00e9conomique, si vous suivez ce qui se passe en Europe particuli\u00e8rement en France aux Etats-Unis partout, la Covid a boulevers\u00e9 les certitudes. La Covid a d\u00e9montr\u00e9 au monde entier que toutes les \u00e9conomies \u00e9taient vuln\u00e9rables. Je pense que notre pays a essay\u00e9 de r\u00e9sister par la r\u00e9silience. Le pr\u00e9sident de la R\u00e9publique et le gouvernement ont mis plus de 1000 milliards voire m\u00eame plus pour accompagner l\u2019\u00e9conomie. Les entreprises aussi se sont serr\u00e9es la ceinture en citoyen. Parce que la situation est tr\u00e8s difficile. Il y\u2019a \u00e9norm\u00e9ment d\u2019entreprises qui \u00e9taient oblig\u00e9es de poser la cl\u00e9 sous le paillasson. On en a d\u00e9nombr\u00e9 plus de 7.000 entreprises sur les 4 ou 5 derniers mois. C\u2019est pour vous dire que la situation est tr\u00e8s difficile. Cependant l\u2019Etat, le gouvernement du S\u00e9n\u00e9gal r\u00e9siste et nous en tant qu\u2019organisation professionnelle patronale, hommes d\u2019affaires, d\u00e9cideurs \u00e9conomiques nous essayons quand m\u00eame de se battre, de se maintenir au m\u00eame niveau qu\u2019avant la Covid m\u00eame si c\u2019est tr\u00e8s difficile. Par rapport au contexte mondial, le S\u00e9n\u00e9gal c\u2019est un pays parmi d\u2019autres. Un minuscule pays lorsque vous regardez la macro\u00e9conomie, la g\u00e9opolitique internationale donc, nous sommes oblig\u00e9s de recevoir des coups ou de vivre difficilement aujourd\u2019hui avec le contexte impos\u00e9 par la Covid-19. Cependant, je ne pourrai pas dire que les clignotants sont au vert mais vous venez de suivre le vote du budget qui est pass\u00e9 \u00e0 4.500 milliards. Je pense qu\u2019\u00e9norm\u00e9ment de projets sont aujourd\u2019hui en gestation ou en cours. Et ce qu\u2019on peut dire pour terminer sur cette question c\u2019est que la situation est difficile mais l\u2019\u00e9conomie s\u00e9n\u00e9galaise r\u00e9siste encore pour l\u2019instant.<\/p>\n\n\n\n<p><strong>On annonce la r\u00e9cession au niveau mondial mais aussi au S\u00e9n\u00e9gal. Le plan a-t-il permis de soulager les entreprises touch\u00e9es par la Covid?<\/strong><\/p>\n\n\n\n<p>Oui \u00e7a a permis de soulager certaines entreprises. Vous savez que ce fond Covid on parle de 1000 milliards mais pour les entreprises c\u2019\u00e9tait \u00e0 peu pr\u00e8s 502 milliards. Et ce n\u2019\u00e9tait pas que du num\u00e9raire. Il y avait aussi des facilit\u00e9s au niveau des services fiscaux et autres. Ce qui fait qu\u2019il y\u2019a moins de 300 milliards qui ont \u00e9t\u00e9 inject\u00e9s dans le circuit. Alors ce que je disais en \u00e9tant membre du comit\u00e9 force Covid-19, les crit\u00e8res d\u2019\u00e9ligibilit\u00e9 \u00e9taient pour moi un tout petit peu complexes et difficiles pour certaines entreprises surtout les Pme \u00e0 les remplir. Parce que lorsqu\u2019on vous exige des \u00e9tats financiers, nous savons que plusieurs entreprises notamment les Pme n\u2019ont pas d\u2019\u00e9tats financiers certifi\u00e9s, il fallait d\u00e9montrer aussi que vous aviez minimum 5 employ\u00e9s r\u00e9guliers. Il fallait aussi d\u00e9montrer que vous avez \u00e9t\u00e9 impact\u00e9. Il y\u2019avait donc \u00e9norm\u00e9ment de crit\u00e8res que les entreprises n\u2019arrivaient pas \u00e0 remplir. Du coup personnellement en r\u00e9union avec les banques, j\u2019ai sugg\u00e9r\u00e9 l\u2019all\u00e8gement de ces crit\u00e8res. Parce que dans ma position de pr\u00e9sident du Meds, je recevais des centaines de dossiers de financement parce qu\u2019en un moment donn\u00e9 les chefs d\u2019entreprise n\u2019avaient plus de moyens de payer les salaires, de payer les charges, de faire face aux besoins et la solution qui s\u2019imposait c\u2019est de fermer boutique et d\u2019attendre des lendemains meilleurs. Ce qui a amen\u00e9 aujourd\u2019hui que plus de 7.000 entreprises ou m\u00eame plus ont ferm\u00e9 boutique depuis le d\u00e9but de la Covid. \u00c7a \u00e9tait tr\u00e8s difficile mais heureusement il y\u2019a eu ce plan de r\u00e9silience qui a aid\u00e9 plus ou moins certaines entreprises \u00e0 faire face surtout les grandes entreprises \u00e0 faire face et de ne pas licencier. Parce que le pr\u00e9sident de la R\u00e9publique nous a fortement demand\u00e9 de tout faire pour ne pas licencier et m\u00eame peut-\u00eatre de faire des ch\u00f4mages partiels ou techniques en payant 70% du salaire mais maintenir l\u2019emploi. Malgr\u00e9 tous ces efforts le constat encore l\u00e0. Certaines entreprises ont r\u00e9sist\u00e9 par la r\u00e9silience. Mais une majorit\u00e9 d\u2019entreprises ont \u00e9t\u00e9 oblig\u00e9es de fermer boutique ou de diminuer plus de la moiti\u00e9 de leur personnel en attendant des jours meilleurs. Donc, ce plan de r\u00e9silience est une bonne chose. Sans ce plan saurait \u00e9t\u00e9 la catastrophe (\u2026).<br><br><strong>On pr\u00e9dit une deuxi\u00e8me vague de Covid au S\u00e9n\u00e9gal&nbsp;?<\/strong><br><br>Avant de r\u00e9pondre \u00e0 cette question, je rappelle que nous sommes dans le secteur de la communication et de l\u2019\u00e9v\u00e9nementiel. C\u2019est l\u2019un des secteurs les plus touch\u00e9s. Tous les grands \u00e9v\u00e9nements ont \u00e9t\u00e9 annul\u00e9s je veux dire les African Leadership Awards, les Cauris d\u2019or,\u2026 Si vous n\u2019avez pas d\u2019autres activit\u00e9s ou des stratag\u00e8mes pour r\u00e9sister, c\u2019est difficile. Parce que lorsque vous avez des collaborateurs et vous dites on n\u2019a pas de rentr\u00e9es d\u2019argent, on n\u2019a plus d\u2019activit\u00e9s donc restez chez vous parce qu\u2019on ne peut plus vous payez. Mais ces personnes-l\u00e0 ont des familles, entre autres, charges. Heureusement on est au S\u00e9n\u00e9gal et c\u2019est cette dimension humaine qui fait qu\u2019on a tout fait pour r\u00e9sister. Toutefois, on redoute une deuxi\u00e8me vague et \u00e7a ce serait catastrophique parce que notre \u00e9conomie ne supporterait pas. Vous avez vu en France le pr\u00e9sident Macron \u00e0 tout fait pour ne pas reconfiner parce que l\u2019\u00e9conomie est au c\u0153ur de la vie d\u2019une nation. Il y\u2019a quelques semaines au S\u00e9n\u00e9gal une tendance baissi\u00e8re mais ces derniers jours \u00e7a commence \u00e0 remonter. Il y\u2019a de quoi s\u2019inqui\u00e9ter mais vous savez que le S\u00e9n\u00e9gal et \u00e7a je l\u2019ai dit \u00e0 Paris il y\u2019a quelques semaines dans une grande rencontre internationale. On m\u2019a pos\u00e9 la question de savoir comment j\u2019ai trouv\u00e9 la tendance baissi\u00e8re au S\u00e9n\u00e9gal et j\u2019ai dit que ce n\u2019est pas la discipline de nos compatriotes mais peut-\u00eatre parce qu\u2019on a su anticiper en ayant une politique d\u2019anticipation et d\u2019accompagnement. La preuve lors du Magal et du Gamou il n\u2019y a pas eu une explosion de cas. Donc, esp\u00e9rons que nous allons continuer \u00e0 surfer dans cette dynamique baissi\u00e8re et puis faire face. Parce que comme je l\u2019ai dit une deuxi\u00e8me vague serait catastrophique pour le S\u00e9n\u00e9gal et pour l\u2019\u00e9conomie s\u00e9n\u00e9galaise. Aucune entreprise ne pourrait r\u00e9sister \u00e0 une deuxi\u00e8me vague.<\/p>\n\n\n\n<p><strong>Ne craignez-vous que le secteur des affaires soit encore laiss\u00e9 en rade ?<\/strong><\/p>\n\n\n\n<p>Je commence par la croissance. Vous savez que la croissance dans un pays repr\u00e9sente l\u2019indicateur de richesse. Comme vous le dites les entreprises devraient toujours \u00eatre au c\u0153ur. Parce que ce sont elles qui cr\u00e9ent la richesse, les emplois et elles contribuent aussi \u00e0 la croissance. Et malgr\u00e9 le soutien du pr\u00e9sident de la R\u00e9publique pour le secteur priv\u00e9, certaines d\u00e9cisions sont orient\u00e9es plut\u00f4t sectoriellement. C\u2019est vrai que les entreprises disent parfois qu\u2019elles sont oubli\u00e9es alors que l\u2019entreprise doit \u00eatre au c\u0153ur de toute politique comme dans tous les pays. Je crois que c\u2019est un cas que nous \u00e9changeons avec le pr\u00e9sident qui, a compris que le secteur priv\u00e9 dans son ensemble est capital dans sa politique. Je dois dire que certains \u00e9voluent dans le secteur de la p\u00eache, de l\u2019Agriculture, etc. Ce vrai qu\u2019aussi la plupart des chefs d\u2019entreprise sont des citadins. Mais l\u2019Agriculture est un facteur essentiel de notre croissance et du d\u00e9veloppement de ce pays. Il faut \u00e9galement le secteur de la p\u00eache parce qu\u2019il y a tellement de secteurs aujourd\u2019hui qui ne sont pas valoris\u00e9s et qui sont des secteurs \u00e0 forte croissance. Mais tout le probl\u00e8me c\u2019est le financement, l\u2019accompagnement et le suivi. C\u2019est \u00e7a le probl\u00e8me en Afrique et particuli\u00e8rement au S\u00e9n\u00e9gal.<br><br><strong>Aujourd\u2019hui quelle lecture faites-vous de la situation du ch\u00f4mage au S\u00e9n\u00e9gal surtout apr\u00e8s la pol\u00e9mique suscit\u00e9e par les chiffres de l\u2019Oit?<\/strong><\/p>\n\n\n\n<p>J\u2019ai compris tr\u00e8s t\u00f4t que le ch\u00f4mage serait un facteur bloquant pour le d\u00e9veloppement du pays. A l\u2019\u00e9poque j\u2019ai conceptualis\u00e9 le forum du premier emploi. Dans ma biographie ou mes interviews je dis que j\u2019ai conceptualis\u00e9 une quinzaine de concept mais celui qui me tient \u00e0 c\u0153ur c\u2019est le forum du premier emploi. Parce qu\u2019en lan\u00e7ant ce forum on disait que je suis un r\u00eaveur, un utopiste parce qu\u2019il n\u2019y a pas de ch\u00f4mage au S\u00e9n\u00e9gal et c\u2019\u00e9tait en 2000. 10 ans apr\u00e8s, le ch\u00f4mage a compl\u00e8tement implos\u00e9. 20 ans voici ce que nous vivons. Donc le taux de ch\u00f4mage a toujours progress\u00e9 aussi bien ici au S\u00e9n\u00e9gal que dans tous les pays africains et m\u00eame dans les autres pays. Cependant le probl\u00e8me que nous avons au S\u00e9n\u00e9gal et je l\u2019ai dit il y\u2019a 10 ans que chaque ann\u00e9e 200.000 jeunes dipl\u00f4m\u00e9s arrivaient sur le march\u00e9. Aujourd\u2019hui on peut doubler ce chiffre-l\u00e0. Dans les entreprises sur une ann\u00e9e on n\u2019embauche pas plus de 50.000 jeunes. J\u2019ai propos\u00e9 aux jeunes l\u2019auto emploi. Ils ont essay\u00e9 mais s\u2019il n\u2019y a pas de suivi et d\u2019accompagnement le probl\u00e8me de financement se pose toujours. Aujourd\u2019hui le ch\u00f4mage il est galopant et personne ne peut le contester. Aujourd\u2019hui les chiffres de l\u2019Oit n\u2019ont pas \u00e9t\u00e9 r\u00e9actualis\u00e9s. Mais la r\u00e9alit\u00e9 c\u2019est que les entreprises n\u2019arrivent pas \u00e0 absorber tous ces jeunes qui arrivent sur le march\u00e9. C\u2019est vrai que l\u2019Etat a cr\u00e9\u00e9 des entit\u00e9s pour financer les jeunes et ma position c\u2019est de mutualiser toutes ces structures-l\u00e0 qui ont pour ambition de financer et d\u2019accompagner les jeunes. Tout simplement les jeunes que nous recevons et je pr\u00e9cise en passant que nous avons mis en place une fondation emploi jeune depuis 2001 et nous avons 90.000 fichiers de CV, on a tous les profils et tous les jours ce que les gens ne savent pas les entreprises nous appellent et nous mettons \u00e0 leurs dispositions des profils. Nous avons le fichier le plus riche au S\u00e9n\u00e9gal plus que la direction de l\u2019emploi. C\u2019est pourquoi je suis \u00e0 l\u2019aise de parler de la probl\u00e9matique de l\u2019emploi au S\u00e9n\u00e9gal (\u2026). Je pr\u00f4ne la formation professionnelle parce qu\u2019un jeune doit avoir un m\u00e9tier. C\u2019est ce qui nous a motiv\u00e9 d\u2019ailleurs a lanc\u00e9 la nuit de l\u2019orientation. C\u2019est pour orienter les jeunes et tout cela est gratuit. Parce que nous posons des actes citoyens et de solidarit\u00e9.<\/p>\n\n\n\n<p><strong>Est-ce qu\u2019il y a, selon vous, un rapport entre le ch\u00f4mage des jeunes et l\u2019\u00e9migration clandestine ?<\/strong><\/p>\n\n\n\n<p>Vous savez que prendre les embarcations pour braver la mer ce n\u2019est pas du tout repos. Si les jeunes sont \u00e0 ce stade c\u2019est parce qu\u2019il n\u2019a pas de perspective. Parce que dire \u201cBarca wala Barsakh\u201d c\u2019est comme se suicider. Tout cela parce qu\u2019on a une paup\u00e9risation galopante (\u2026). Parfois tu te r\u00e9veilles le matin et vous ne savez pas quoi faire. Alors qu\u2019\u00e0 c\u00f4t\u00e9 il y\u2019a un jeune qui est venu en vacances, qui construit une maison et conduit des voitures de luxe tu te dis que c\u2019est l\u2019Eldorado alors que ce n\u2019est pas le cas. J\u2019ai eu la chance de voyager partout dans le monde et la fa\u00e7on dont les africains vivent c\u2019est difficile. Les jeunes sont d\u00e9s\u0153uvr\u00e9s et malgr\u00e9 tout ce qu\u2019on dit on note toujours des embarcations. Ils veulent r\u00e9ussir certes mais l\u2019\u00e9migration n\u2019est pas la solution. La pesanteur sociale est tellement lourde dans notre pays que le jeune a besoin de se r\u00e9aliser. Nous le vivons tous tr\u00e8s mal ce que nous voyons. C\u2019est vrai qu\u2019il faut dire \u00e0 ces jeunes que ce n\u2019est pas la solution mais ils vous demanderont c\u2019est quoi donc la solution ? Parce qu\u2019ils n\u2019ont plus de perspectives. C\u2019est un drame que nous vivons tous parce que nous sommes des p\u00e8res et des m\u00e8res. Donc, c\u2019est une probl\u00e9matique centrale et l\u2019Etat est en train de r\u00e9fl\u00e9chir sur les solutions. Pour moi la solution c\u2019est de faire en sorte que ces jeunes-l\u00e0 aient un m\u00e9tier. Parce que si vous n\u2019avez pas de m\u00e9tier c\u2019est tr\u00e8s difficile de vous ins\u00e9rer. Il faut aussi la formation professionnelle des jeunes.<\/p>\n\n\n\n<p>Cheikh Moussa SARR&nbsp;<\/p>\n","protected":false},"excerpt":{"rendered":"<p>Ce samedi 28 novembre 2020 , le pr\u00e9sident&nbsp; du MEDS, \u00e9tait pr\u00e9sent sur le plateau de l\u2019\u00e9mission \u00ab&nbsp;Grand Oral&nbsp;\u00bb de Rewmi Fm. Entre les affaires qui touchent le Plan relance \u00e9conomique, l\u2019\u00e9ventualit\u00e9 d\u2019une deuxi\u00e8me vague de Covid-19, l\u2019emploi des jeunes, l\u2019\u00e9migration clandestine, les sujets \u00e9voqu\u00e9s ont \u00e9t\u00e9 nombreux. Morceaux choisis. Vous avez re\u00e7u, mardi dernier,&hellip; <br \/> <a class=\"read-more\" href=\"https:\/\/mbagnickdiop.com\/?p=404\">Lire la suite<\/a><\/p>\n","protected":false},"author":1,"featured_media":405,"comment_status":"open","ping_status":"closed","sticky":false,"template":"","format":"standard","meta":{"footnotes":""},"categories":[12],"tags":[],"class_list":["post-404","post","type-post","status-publish","format-standard","has-post-thumbnail","hentry","category-actualites"],"_links":{"self":[{"href":"https:\/\/mbagnickdiop.com\/index.php?rest_route=\/wp\/v2\/posts\/404","targetHints":{"allow":["GET"]}}],"collection":[{"href":"https:\/\/mbagnickdiop.com\/index.php?rest_route=\/wp\/v2\/posts"}],"about":[{"href":"https:\/\/mbagnickdiop.com\/index.php?rest_route=\/wp\/v2\/types\/post"}],"author":[{"embeddable":true,"href":"https:\/\/mbagnickdiop.com\/index.php?rest_route=\/wp\/v2\/users\/1"}],"replies":[{"embeddable":true,"href":"https:\/\/mbagnickdiop.com\/index.php?rest_route=%2Fwp%2Fv2%2Fcomments&post=404"}],"version-history":[{"count":2,"href":"https:\/\/mbagnickdiop.com\/index.php?rest_route=\/wp\/v2\/posts\/404\/revisions"}],"predecessor-version":[{"id":410,"href":"https:\/\/mbagnickdiop.com\/index.php?rest_route=\/wp\/v2\/posts\/404\/revisions\/410"}],"wp:featuredmedia":[{"embeddable":true,"href":"https:\/\/mbagnickdiop.com\/index.php?rest_route=\/wp\/v2\/media\/405"}],"wp:attachment":[{"href":"https:\/\/mbagnickdiop.com\/index.php?rest_route=%2Fwp%2Fv2%2Fmedia&parent=404"}],"wp:term":[{"taxonomy":"category","embeddable":true,"href":"https:\/\/mbagnickdiop.com\/index.php?rest_route=%2Fwp%2Fv2%2Fcategories&post=404"},{"taxonomy":"post_tag","embeddable":true,"href":"https:\/\/mbagnickdiop.com\/index.php?rest_route=%2Fwp%2Fv2%2Ftags&post=404"}],"curies":[{"name":"wp","href":"https:\/\/api.w.org\/{rel}","templated":true}]}}