{"id":466,"date":"2016-05-04T17:24:00","date_gmt":"2016-05-04T15:24:00","guid":{"rendered":"https:\/\/mbagnickdiop.com\/?p=466"},"modified":"2021-02-01T17:53:38","modified_gmt":"2021-02-01T16:53:38","slug":"mbagnick-diop-insiste-sur-lauto-entrepreneuriat-et-le-developpement-des-pme-et-tpe","status":"publish","type":"post","link":"https:\/\/mbagnickdiop.com\/?p=466","title":{"rendered":"Mbagnick Diop insiste sur l\u2019auto-entrepreneuriat et le d\u00e9veloppement des PME et TPE"},"content":{"rendered":"\n<p>Le r\u00e8glement du probl\u00e8me de l\u2019emploi des jeunes au S\u00e9n\u00e9gal passe par l\u2019auto-entrepreneuriat et le d\u00e9veloppement des Petites et moyennes entreprises (PME) et des Tr\u00e8s petites entreprises (TPE), estime le pr\u00e9sident du Mouvement des entreprises du S\u00e9n\u00e9gal (MEDS).<\/p>\n\n\n\n<p>\u2019\u2019Il faut mettre l\u2019accent sur l\u2019auto-entrepreunariat, c\u2019est-\u00e0-dire inciter les jeunes \u00e0 cr\u00e9er leurs entreprises. Le travail salari\u00e9 est satur\u00e9. La majorit\u00e9 des jeunes sont dipl\u00f4m\u00e9s d\u2019un secteur qui n\u2019embauche plus. Et, aujourd\u2019hui, il y a de nouveaux m\u00e9tiers\u2019\u2019, a dit Mbagnick Diop qui s\u2019entretenait avec l\u2019APS.<br>\u00ab\u00a0Au S\u00e9n\u00e9gal, le march\u00e9 de l\u2019emploi \u2018\u2019ne se porte pas tr\u00e8s bien\u2019\u2019, selon le patron du MEDS.<\/p>\n\n\n\n<p>\u00ab\u00a0Le cumul des offres d\u2019emplois propos\u00e9es par l\u2019Etat, le secteur priv\u00e9 confondus ne d\u00e9passent pas 40000 emplois. L\u2019Etat tourne au tour de 10000 et 15000 emplois et le secteur priv\u00e9 autour de 25000 emplois. Et pendant ce temps, vous avez 200 000, 250 000 jeunes qui arrivent sur le march\u00e9 de l\u2019emploi. Le gap est \u00e9norme\u2019\u2019, a-t-il expliqu\u00e9.<\/p>\n\n\n\n<p>\u00ab\u00a0Toutefois, Mbagnick Diop note que, depuis 2012, le gouvernement essaie de mettre en ad\u00e9quation la formation et l\u2019emploi par rapport aux besoins de l\u2019entreprise.<\/p>\n\n\n\n<p>\u00ab\u00a0Il faut d\u00e9velopper des nouveaux m\u00e9tiers avec l\u2019\u00e9volution des technologies. L\u2019Etat a compris que pour absorber ces jeunes qui sortent des universit\u00e9s, il faut qu\u2019ils aient une formation qui corresponde aux besoins des entreprises\u2019\u2019, a-t-il dit.<\/p>\n\n\n\n<p>Le patron du MEDS a salu\u00e9 la mise en place d\u2019instruments comme le FONGIP, l\u2019ANPEJ, la BNDE qui \u2018\u2019ont pour mission d\u2019encadrer et d\u2019accompagner les jeunes porteurs de projets\u2019\u2019.<\/p>\n\n\n\n<p>\u2019\u2019Aujourd\u2019hui, il est plus facile de d\u00e9crocher un financement qu\u2019il y a 5 ans ou 10 ans, m\u00eame si certains jeunes ne ma\u00eetrisent pas les rouages (\u2026)\u2019\u2019, selon Mbagnick Diop qui signale que le MEDS a aussi mis en place un fonds de garantie qui peut accompagner un porteur de projet \u00e0 hauteur de 70%.<br>\u00ab\u00a0Si l\u2019\u00e9conomie nationale \u2018\u2019est \u00e0 un tournant\u2019\u2019 et les clignotants \u2018\u2019au vert\u2019\u2019, le S\u00e9n\u00e9gal pourrait tout de m\u00eame \u2019\u2019se porter mieux\u2019\u2019, estime Mbagnick Diop.<br>\u2019\u2019Il y a eu des \u00e9volutions avec le PSE et le PUDC, mais le secteur priv\u00e9 aurait bien voulu avoir plus pour que la machine tourne puisque nous g\u00e9rons des PME\u2019\u2019, explique t-il.<\/p>\n\n\n\n<p>\u00ab\u00a0Mais le probl\u00e8me est que les gros march\u00e9s sont capt\u00e9s par les multinationales. Elles faisaient travailler les PME mais, depuis quelques ann\u00e9es, elles cr\u00e9ent leurs propres PME pour accompagner les gros projets\u2019\u2019, rel\u00e8ve le pr\u00e9sident du MDES.<\/p>\n\n\n\n<p>\u2019\u2019Du coup, ajoute t-il, les nationaux sont de facto exclus. On a sensibilis\u00e9 le gouvernement pour qu\u2019on impose \u00e0 des soci\u00e9t\u00e9s \u00e9trang\u00e8res qu\u2019il y ait 20% des entreprises nationales. Et cela va permettre de faire tourner les entreprises nationales. Ce sont les PME et TPE qui cr\u00e9ent des emplois\u2019\u2019.<br>Il a insist\u00e9 sur le d\u00e9veloppement des Petites et moyennes entreprises (PME) et des Tr\u00e8s petites entreprises (TPE) dans le r\u00e8glement du probl\u00e8me de l\u2019emploi des jeunes.<\/p>\n\n\n\n<p>\u2019\u2019On a vu avec le PUDC, le secteur priv\u00e9 commence \u00e0 respirer. Au S\u00e9n\u00e9gal, comme partout, ce sont les PME et les TPE qui cr\u00e9ent de la richesse. Il est n\u00e9cessaire aujourd\u2019hui de porter une attention particuli\u00e8re aux PME et aux TPE\u2019\u2019, a-t-il dit.<\/p>\n\n\n\n<p>Source: APS.SN<\/p>\n","protected":false},"excerpt":{"rendered":"<p>Le r\u00e8glement du probl\u00e8me de l\u2019emploi des jeunes au S\u00e9n\u00e9gal passe par l\u2019auto-entrepreneuriat et le d\u00e9veloppement des Petites et moyennes entreprises (PME) et des Tr\u00e8s petites entreprises (TPE), estime le pr\u00e9sident du Mouvement des entreprises du S\u00e9n\u00e9gal (MEDS). \u2019\u2019Il faut mettre l\u2019accent sur l\u2019auto-entrepreunariat, c\u2019est-\u00e0-dire inciter les jeunes \u00e0 cr\u00e9er leurs entreprises. Le travail salari\u00e9&hellip; <br \/> <a class=\"read-more\" href=\"https:\/\/mbagnickdiop.com\/?p=466\">Lire la suite<\/a><\/p>\n","protected":false},"author":1,"featured_media":467,"comment_status":"open","ping_status":"closed","sticky":false,"template":"","format":"standard","meta":{"footnotes":""},"categories":[12],"tags":[],"class_list":["post-466","post","type-post","status-publish","format-standard","has-post-thumbnail","hentry","category-actualites"],"_links":{"self":[{"href":"https:\/\/mbagnickdiop.com\/index.php?rest_route=\/wp\/v2\/posts\/466","targetHints":{"allow":["GET"]}}],"collection":[{"href":"https:\/\/mbagnickdiop.com\/index.php?rest_route=\/wp\/v2\/posts"}],"about":[{"href":"https:\/\/mbagnickdiop.com\/index.php?rest_route=\/wp\/v2\/types\/post"}],"author":[{"embeddable":true,"href":"https:\/\/mbagnickdiop.com\/index.php?rest_route=\/wp\/v2\/users\/1"}],"replies":[{"embeddable":true,"href":"https:\/\/mbagnickdiop.com\/index.php?rest_route=%2Fwp%2Fv2%2Fcomments&post=466"}],"version-history":[{"count":1,"href":"https:\/\/mbagnickdiop.com\/index.php?rest_route=\/wp\/v2\/posts\/466\/revisions"}],"predecessor-version":[{"id":468,"href":"https:\/\/mbagnickdiop.com\/index.php?rest_route=\/wp\/v2\/posts\/466\/revisions\/468"}],"wp:featuredmedia":[{"embeddable":true,"href":"https:\/\/mbagnickdiop.com\/index.php?rest_route=\/wp\/v2\/media\/467"}],"wp:attachment":[{"href":"https:\/\/mbagnickdiop.com\/index.php?rest_route=%2Fwp%2Fv2%2Fmedia&parent=466"}],"wp:term":[{"taxonomy":"category","embeddable":true,"href":"https:\/\/mbagnickdiop.com\/index.php?rest_route=%2Fwp%2Fv2%2Fcategories&post=466"},{"taxonomy":"post_tag","embeddable":true,"href":"https:\/\/mbagnickdiop.com\/index.php?rest_route=%2Fwp%2Fv2%2Ftags&post=466"}],"curies":[{"name":"wp","href":"https:\/\/api.w.org\/{rel}","templated":true}]}}