{"id":647,"date":"2020-10-05T11:51:00","date_gmt":"2020-10-05T09:51:00","guid":{"rendered":"https:\/\/mbagnickdiop.com\/?p=647"},"modified":"2021-02-05T12:25:58","modified_gmt":"2021-02-05T11:25:58","slug":"communication-du-president-mbagnick-diop-senegal-2025-lacceleration-dune-transformation-economique-et-societale","status":"publish","type":"post","link":"https:\/\/mbagnickdiop.com\/?p=647","title":{"rendered":"Communication du Pr\u00e9sident Mbagnick DIOP: \u201cSENEGAL 2025 &#8211; L&rsquo;acc\u00e9l\u00e9ration d&rsquo;une transformation \u00e9conomique et soci\u00e9tale\u201d"},"content":{"rendered":"\n<p><\/p>\n\n\n\n<figure class=\"wp-block-video\"><video height=\"720\" style=\"aspect-ratio: 1280 \/ 720;\" width=\"1280\" controls src=\"https:\/\/mbagnickdiop.com\/wp-content\/uploads\/2021\/02\/PRESI_3-1.mp4\"><\/video><\/figure>\n\n\n\n<p><strong>Monsieur le Directeur des Affaires Internationales de HEC Paris \u2013 Philippe OSTER,<\/strong><\/p>\n\n\n\n<p><strong>Monsieur le Pr\u00e9sident du Club D\u00e9veloppement International \u2013 Pierre Ives Carpentier,<\/strong><\/p>\n\n\n\n<p><strong>Madame la Directrice G\u00e9n\u00e9rale de HEC Alumni \u2013 Marguerite GALAND,<\/strong><\/p>\n\n\n\n<p><strong>Mesdames, Messieurs les membres du bureau de l\u2019Association des Alumni HEC,<\/strong><\/p>\n\n\n\n<p><strong>Mesdames, Messieurs de l\u2019Association des Alumni HEC,<\/strong><\/p>\n\n\n\n<p><strong>Chers Invit\u00e9s,<\/strong><\/p>\n\n\n\n<p><strong>Mesdames, Messieurs,<\/strong><\/p>\n\n\n\n<p><strong>Chers participants qui nous suivent par visioconf\u00e9rence,<\/strong><\/p>\n\n\n\n<p>Je suis heureux d\u2019\u00eatre avec vous ce soir afin de partager ma vision du S\u00e9n\u00e9gal de demain tant sur les perspectives d\u2019\u00e9volution li\u00e9e au d\u00e9marrage de l\u2019exploitation hydrocarbure d\u00e8s 2023, de la place centrale des nouvelles technologies que sur les enjeux d\u2019\u00e9ducation et de d\u00e9veloppement durable.<\/p>\n\n\n\n<p>Tenir en pr\u00e9sentiel un \u00e9v\u00e9nement aussi important que cette conf\u00e9rence dont la th\u00e9matique est :&nbsp;<strong>SENEGAL 2025 : L\u2019ACCELERATION D\u2019UNE TRANSFORMATION ECONOMIQUE ET SOCIETALE&nbsp;<\/strong>; ici m\u00eame au c\u0153ur de HEC est assur\u00e9ment un acte de r\u00e9silience.<\/p>\n\n\n\n<p>J\u2019imagine le temps et les efforts consacr\u00e9s \u00e0 l\u2019organisation de ce rendez-vous dans le respect des r\u00e8gles sanitaires.<\/p>\n\n\n\n<p>Je vous en f\u00e9licite vivement, merci \u00e0 vous M. Philipe OSTER, Mme Elvire BONDON et tous les membres du bureau de HEC.<\/p>\n\n\n\n<p><strong>Merci \u00e0 vous M. Philippe OSTER de m\u2019avoir invit\u00e9. J\u2019y vois le t\u00e9moignage renouvel\u00e9 de votre attachement au S\u00e9n\u00e9gal et \u00e0 l\u2019Afrique.<\/strong><\/p>\n\n\n\n<p>Justement parlons de l\u2019Afrique avant de d\u00e9velopper singuli\u00e8rement sur le S\u00e9n\u00e9gal.<\/p>\n\n\n\n<p>En effet, il urge de repenser notre mod\u00e8le de d\u00e9veloppement, d\u2019apprendre de nos erreurs, de red\u00e9finir l\u2019ordre des priorit\u00e9s et de redonner sens \u00e0 l\u2019\u00e9conomie r\u00e9elle, en investissant plus et mieux dans l\u2019agriculture, l\u2019\u00e9nergie durable, les infrastructures, la sant\u00e9, l\u2019\u00e9ducation et la formation afin de r\u00e9aliser un d\u00e9veloppement compatible avec le bien \u00eatre de l\u2019homme int\u00e9gral.<\/p>\n\n\n\n<p>Devant cette pand\u00e9mie in\u00e9dite, l\u2019Afrique par son exp\u00e9rience des \u00e9pid\u00e9mies, par la jeunesse de sa population et les mesures pr\u00e9ventives pr\u00e9coces, se montre r\u00e9siliente et combative.<\/p>\n\n\n\n<p>Il reste que pour l\u2019ensemble des pays africains les efforts internes ne suffiront pas pour amortir le choc de la crise et relancer la croissance \u00e9conomique, il nous faut plus de capacit\u00e9s financi\u00e8res.<\/p>\n\n\n\n<p><strong>En effet, A situations exceptionnelles, mesures exceptionnelles.<\/strong><\/p>\n\n\n\n<p>Je note aussi, que la r\u00e8gle sacro-sainte de discipline budg\u00e9taire selon laquelle le d\u00e9ficit annuel ne doit pas exc\u00e9der 3% du PIB est aujourd\u2019hui \u00e9cart\u00e9e pour faire face \u00e0 la crise. Au demeurant, avec un montant de 365 milliards de dollars, la dette africaine ne repr\u00e9sente que 2 % du volume de la dette mondiale.<\/p>\n\n\n\n<p>Je rappelle \u00e9galement que depuis plusieurs ann\u00e9es, l\u2019Afrique affiche r\u00e9guli\u00e8rement des taux de croissance sup\u00e9rieurs \u00e0 la moyenne mondiale. En d\u00e9pit des d\u00e9fis devant nous, les pays africains sont en grande majorit\u00e9 dans une dynamique de construction et de progr\u00e8s. Ces pays sont stables. Les Gouvernements sont \u00e0 la t\u00e2che. Il y a une jeunesse instruite, cr\u00e9ative, qui entreprend et qui r\u00e9ussit ; des millions d\u2019hommes et de femmes qui travaillent, qui investissent, qui cr\u00e9ent des emplois et de la richesse.<\/p>\n\n\n\n<p>Toutes ces transformations positives restent dans \u00ab l\u2019angle-mort \u00bb de l\u2019actualit\u00e9 ; parce que les mutations tranquilles, \u00e0 l\u2019image des arbres qui poussent dans la for\u00eat, ne font pas de bruit. L\u2019Afrique \u00e9mergente est loin des st\u00e9r\u00e9otypes qui la pr\u00e9sentent comme un continent \u00e0 risque. Dire que le risque d\u2019y investir n\u2019est pas plus \u00e9lev\u00e9 que dans beaucoup d\u2019autres r\u00e9gions du monde. Il faut poser un nouveau regard sur l\u2019Afrique et les Africains.<\/p>\n\n\n\n<p>Le S\u00e9n\u00e9gal, pour s\u2019inscrire sur la trajectoire de l\u2019\u00e9mergence \u00e0 l\u2019horizon 2035, a adopt\u00e9 depuis 2014 le Plan S\u00e9n\u00e9gal Emergent qui constitue le r\u00e9f\u00e9rentiel de sa politique \u00e9conomique et sociale. <strong>Ce plan refl\u00e8te la vision \u00e9conomique de Son Excellence M. Macky SALL &#8211; Pr\u00e9sident de la R\u00e9publique ; fixe les objectifs du S\u00e9n\u00e9gal et d\u00e9finit la strat\u00e9gie pour les r\u00e9aliser.<\/strong> Le PSE repose sur des projets prioritaires dont l\u2019ex\u00e9cution va changer fondamentalement le visage \u00e9conomique du S\u00e9n\u00e9gal pour le projeter dans le peloton des pays \u00e9mergents.<\/p>\n\n\n\n<p>D\u2019ailleurs, depuis le d\u00e9but de la mise en \u0153uvre du PSE, le S\u00e9n\u00e9gal a renou\u00e9 avec le progr\u00e8s \u00e9conomique et affiche, depuis 06 ans, un taux de croissance annuel de 6.5%. Par un heureux hasard de calendrier dont seule l\u2019histoire a le secret, cette p\u00e9riode co\u00efncide avec la d\u00e9couverte, au large du S\u00e9n\u00e9gal, d\u2019importants gisements d\u2019hydrocarbures (Gaz et P\u00e9trole) dont l\u2019exploitation effective devrait commencer \u00e0 partir de 2023. Les r\u00e9serves de p\u00e9trole sont estim\u00e9es \u00e0 2.300 millions de barils tandis que les r\u00e9serves de gaz naturel sont \u00e9valu\u00e9es \u00e0 520 milliards de m3. Grace \u00e0 cette opportunit\u00e9 nouvelle, le S\u00e9n\u00e9gal vise, \u00e0 pr\u00e9sent, d\u2019installer l\u2019\u00e9conomie nationale sur une trajectoire de croissance forte, inclusive et cr\u00e9atrice d\u2019emplois. Pour cette perspective, le S\u00e9n\u00e9gal a commenc\u00e9 \u00e0 mettre en place tout le dispositif n\u00e9cessaire. Dans ce cadre, les d\u00e9cisions fortes suivantes sont prises :<\/p>\n\n\n\n<p>&#8211;&nbsp;<strong>r\u00e9forme constitutionnelle adopt\u00e9e par voie r\u00e9f\u00e9rendaire le 20 mars 2016 ;<\/strong><\/p>\n\n\n\n<p>&#8211;&nbsp;<strong>ach\u00e8vement des r\u00e9formes du code minier ;<\/strong><\/p>\n\n\n\n<p>&#8211;&nbsp;<strong>\u00e9laboration en cours du code p\u00e9trolier ;<\/strong><\/p>\n\n\n\n<p>&#8211;&nbsp;<strong>\u00e9laboration en cours d\u2019une loi d\u2019orientation ;<\/strong><\/p>\n\n\n\n<p>&#8211;&nbsp;<strong>mise en place du Comit\u00e9 d\u2019Orientation Strat\u00e9gique sur le P\u00e9trole et le Gaz (COS\/PETROGAZ) dont le r\u00f4le est d\u2019assister le Pr\u00e9sident de la R\u00e9publique dans les grands choix strat\u00e9giques ;<\/strong><\/p>\n\n\n\n<p>&#8211;&nbsp;<strong>la cr\u00e9ation de l\u2019Institut National du P\u00e9trole et du Gaz (INPG) dont la vocation est de former le capital humain n\u00e9cessaire au d\u00e9veloppement du secteur p\u00e9trolier et gazier;<\/strong><\/p>\n\n\n\n<p>&#8211;&nbsp;<strong>adoption du mod\u00e8le partage\/production pour la gestion de la production ;<\/strong><\/p>\n\n\n\n<p>&#8211;&nbsp;<strong>enfin, il convient de signaler que l\u2019Etat S\u00e9n\u00e9galais compte particuli\u00e8rement sur l\u2019investissement \u00e9tranger en partenariat avec les entreprises s\u00e9n\u00e9galaises pour l\u2019exploitation de nos ressources naturelles.<\/strong><\/p>\n\n\n\n<p>Le S\u00e9n\u00e9gal veut rester dans cette dynamique avec la Phase II du Plan S\u00e9n\u00e9gal Emergent sur la s\u00e9quence 2019-2023.<\/p>\n\n\n\n<p>Le Programme d\u2019Actions prioritaires (PAP) de cette Phase II porte sur des secteurs cibles comme les infrastructures, les mines, l\u2019\u00e9nergie, y compris l\u2019exploitation du gaz et du p\u00e9trole, le transport, l\u2019agriculture et l\u2019agro business, les BTP, le tourisme, la finance, les industries et l\u2019\u00e9conomie num\u00e9rique.<\/p>\n\n\n\n<p><strong>Plusieurs majors ont d\u00e9j\u00e0 sign\u00e9 des conventions avec l\u2019Etat du S\u00e9n\u00e9gal.<\/strong><\/p>\n\n\n\n<p>Parmi ces majors on peut citer, entre autres, BP, Petrotim Limited, Kosmos Energy, Timis Corporation, Cairn Energy mais surtout Total SA, premier major qui s\u2019est engag\u00e9 dans l\u2019exploration. Ceci est un grand signal qui illustre les excellentes relations \u00e9conomiques et commerciales entre le S\u00e9n\u00e9gal et la France.<\/p>\n\n\n\n<p>En effet, le S\u00e9n\u00e9gal et Total SA ont conclu deux contrats de recherche et de partage de production d\u2019hydrocarbures sur les blocs Rufisque offshore profond et l\u2019ultra deep offshore dont Total SA sera op\u00e9rateur \u00e0 90% aux cot\u00e9s de la soci\u00e9t\u00e9 nationale des p\u00e9troles du S\u00e9n\u00e9gal (PETROSEN) qui d\u00e9tiendra les 10% restants. En 2018, le S\u00e9n\u00e9gal comptait au total 12 blocs attribu\u00e9s dont 11 en offshore et 1 en onshore. Au total, 10 compagnies p\u00e9troli\u00e8res op\u00e8rent au S\u00e9n\u00e9gal. Le groupe Eiffage a aussi de son cot\u00e9, remport\u00e9 l\u2019appel d\u2019offres pour la cr\u00e9ation de l\u2019ile artificielle situ\u00e9e \u00e0 Saint-Louis du S\u00e9n\u00e9gal. D\u2019autres entreprises fran\u00e7aises sont dans ce sillage. A ce jour 250 entreprises fran\u00e7aises sont formellement install\u00e9es au S\u00e9n\u00e9gal o\u00f9 elles ont cr\u00e9\u00e9 plus de 30.000 emplois.<\/p>\n\n\n\n<p>Sur un autre registre, le S\u00e9n\u00e9gal est entrain de tout mettre en place pour tirer profit des nouvelles technologies. A cet \u00e9gard, je voudrais signaler qu\u2019un d\u00e9partement minist\u00e9riel d\u00e9di\u00e9 \u00e0 ce secteur a \u00e9t\u00e9 cr\u00e9\u00e9. Le gouvernement du S\u00e9n\u00e9gal compte appuyer la promotion des nouvelles technologies pour accroitre les performances de nos entreprises. Le S\u00e9n\u00e9gal vient d\u2019adopter un programme ambitieux de promotion de l\u2019\u00e9conomie num\u00e9rique qui offre des opportunit\u00e9s importantes d\u2019am\u00e9lioration de nos syst\u00e8mes de production et de gestion. Le S\u00e9n\u00e9gal ne veut pas rater cette r\u00e9volution num\u00e9rique qui s\u2019acc\u00e9l\u00e8re avec la digitalisation progressive de l\u2019\u00e9conomie mondiale. Notre pays dispose aujourd\u2019hui d\u2019atouts ind\u00e9niables, notamment d\u2019un syst\u00e8me de t\u00e9l\u00e9communications performant avec toutes les commodit\u00e9s \u00e0 des co\u00fbts concurrentiels. Le S\u00e9n\u00e9gal est le premier pays en Afrique en termes de contribution de l\u2019Internet au produit int\u00e9rieur brut (PIB).<\/p>\n\n\n\n<p><strong>Les enjeux de la strat\u00e9gie S\u00e9n\u00e9gal Num\u00e9rique 2025 (SN 2025) visent 35.000 emplois directs et 105.000 emplois indirects.<\/strong><\/p>\n\n\n\n<p>La strat\u00e9gie repose sur trois pr\u00e9requis et quatre axes strat\u00e9giques. Les trois pr\u00e9requis sont un cadre juridique et institutionnel, le capital humain et la confiance num\u00e9rique qui englobe bien s\u00fbr la s\u00e9curit\u00e9 au niveau du cyberspace. Nous avons aussi quatre axes strat\u00e9giques :<\/p>\n\n\n\n<p>&#8211;&nbsp;<strong>Axe 1 : c\u2019est pour un acc\u00e8s ouvert et abordable au r\u00e9seau et service num\u00e9rique.<\/strong><\/p>\n\n\n\n<p>&#8211;&nbsp;<strong>Axe 2 : Pour une administration connect\u00e9e au service du citoyen et des entreprises<\/strong><\/p>\n\n\n\n<p>&#8211;&nbsp;<strong>Axe 3 : Pour la promotion d\u2019une industrie du num\u00e9rique innovante et cr\u00e9atrice de valeur<\/strong><\/p>\n\n\n\n<p>&#8211;&nbsp;<strong>Enfin l\u2019Axe 4 : pour la diffusion du num\u00e9rique dans les secteurs \u00e9conomiques prioritaires<\/strong><\/p>\n\n\n\n<p>Le pays dispose \u00e9galement de ressources humaines de qualit\u00e9 et d\u2019installations de standard international dans ce secteur. Ce renforcement de nouvelles technologies, s\u2019est accompagn\u00e9 d\u2019un d\u00e9veloppement important du secteur des \u00e9nergies, notamment du sous-secteur de l\u2019\u00e9lectricit\u00e9. De 2012 \u00e0 nos jours, le S\u00e9n\u00e9gal a plus que doubl\u00e9 sa puissance install\u00e9e d\u2019\u00e9lectricit\u00e9, ce qui permet aujourd\u2019hui aux entreprises d\u2019acc\u00e9der \u00e0 l\u2019\u00e9nergie \u00e0 tout moment. Le projet MCA (Millenium Challenge Account) d\u2019un montant de 330 milliards de FCFA en cours de r\u00e9alisation sur une dur\u00e9e de cinq (05) ans va permettre, \u00e0 notre pays, de s\u00e9curiser d\u00e9finitivement son approvisionnement en \u00e9nergie.<\/p>\n\n\n\n<p>Par ailleurs, dans sa politique de d\u00e9veloppement du capital humain, le S\u00e9n\u00e9gal accorde une grande priorit\u00e9 \u00e0 l\u2019Education, \u00e0 la Formation et \u00e0 la Recherche. Dans ce cadre, le Gouvernement a renforc\u00e9 les moyens et les capacit\u00e9s des universit\u00e9s et \u00e9tablissements d\u2019enseignement sup\u00e9rieur, cr\u00e9\u00e9 de nouvelles fili\u00e8res d\u2019enseignement technique et professionnel, cr\u00e9\u00e9 de nouvelles universit\u00e9s dot\u00e9es d\u2019\u00e9quipements modernes d\u2019apprentissage. De nouveaux Instituts d\u2019Enseignement Sup\u00e9rieur Professionnel (ISEP), avec des sp\u00e9cialit\u00e9s li\u00e9es aux nouvelles technologies, sont cr\u00e9\u00e9s dans toutes les r\u00e9gions. Pour couronner le tout et permettre \u00e0 nos chercheurs de travailler efficacement, un puissant centre de calcul dot\u00e9 d\u2019un calculateur superpuissant a \u00e9t\u00e9 install\u00e9 \u00e0 Diamniadio, pr\u00e8s de Dakar. Des efforts gigantesques sont d\u00e9ploy\u00e9s pour faire du S\u00e9n\u00e9gal un espace de recherche et d\u2019innovations technologiques. Concernant les infrastructures, le pays a fait de gros efforts qui ont permis :<\/p>\n\n\n\n<p>&#8211;&nbsp;<strong>la construction d\u2019un a\u00e9roport moderne de classe internationale ;<\/strong><\/p>\n\n\n\n<p>&#8211;&nbsp;<strong>la construction de nouvelles autoroutes et d\u2019autoroutes \u00e0 p\u00e9age ;<\/strong><\/p>\n\n\n\n<p>&#8211;&nbsp;<strong>la mise en place d\u2019un r\u00e9seau moderne de transports terrestres ;<\/strong><\/p>\n\n\n\n<p>&#8211;&nbsp;<strong>la restauration du r\u00e9seau routier des principales villes du S\u00e9n\u00e9gal avec la r\u00e9alisation d\u2019autoponts et de ponts.<\/strong><\/p>\n\n\n\n<p>Un programme ambitieux en cours va permettre de relier Dakar aux principales capitales r\u00e9gionales par des autoroutes ou des voies \u00e0 sens unique en vue d\u2019am\u00e9liorer la s\u00e9curit\u00e9 des transports. L\u2019\u00e9conomie s\u00e9n\u00e9galaise est en plein bouillonnement et offre de larges opportunit\u00e9s d\u2019investissement dans tous les secteurs. Enfin, nous voulons insister sur l\u2019attachement du S\u00e9n\u00e9gal au respect de l\u2019environnement et au d\u00e9veloppement durable. Sur ce registre, je voudrais indiquer que de 2% en 2012, les \u00e9nergies nouvelles et renouvelables repr\u00e9sentent aujourd\u2019hui pr\u00e8s de 20% de notre bilan \u00e9nerg\u00e9tique. Ce pourcentage des \u00e9nergies renouvelables (solaire, \u00e9olienne) va augmenter rapidement avec les projets en perspective. Il convient \u00e9galement de signaler que le gouvernement vient d\u2019adopter une loi interdisant la production, l\u2019importation, la distribution, l\u2019utilisation et la d\u00e9tention des sachets et emballages plastiques sur l\u2019\u00e9tendue du territoire national. Le S\u00e9n\u00e9gal est aussi en train de r\u00e9aliser le projet de la grande muraille verte qui pr\u00e9voit de planter, \u00e0 terme, 20 millions d\u2019arbres. Ce projet se r\u00e9alise au Nord S\u00e9n\u00e9gal.<\/p>\n\n\n\n<p>Dans la m\u00eame dynamique, le Pr\u00e9sident de la R\u00e9publique vient de cr\u00e9er le prix du Chef de l\u2019Etat pour l\u2019environnement, la protection des for\u00eats et le reboisement. Toutes ces mesures montrent l\u2019engagement du S\u00e9n\u00e9gal r\u00e9solument dans la voie du d\u00e9veloppement durable par la promotion de l\u2019\u00e9conomie verte. A ce propos, le Pr\u00e9sident de la r\u00e9publique d\u00e9clarait lors de la conf\u00e9rence des Nations Unies sur le d\u00e9veloppement durable Rio+20, je cite :<\/p>\n\n\n\n<p><strong>\u00ab Plus qu\u2019une \u00e9conomie verte, le S\u00e9n\u00e9gal propose l\u2019av\u00e8nement d\u2019une v\u00e9ritable gouvernance verte ; une gouvernance articul\u00e9e autour des politiques \u00e9conomiques et sociales \u00e9quilibr\u00e9es et adoss\u00e9es \u00e0 des technologies et des modes de production \u00e9cologiquement rationnels. La raison nous y engage. \u00bb<\/strong><\/p>\n\n\n\n<p>Le S\u00e9n\u00e9gal a fait l\u2019option de promouvoir une \u00e9conomie qui am\u00e9liore le bien \u00eatre humain et l\u2019\u00e9quit\u00e9 sociale tout en r\u00e9duisant de fa\u00e7on significative les risques environnementaux et les p\u00e9nuries \u00e9cologiques. Au S\u00e9n\u00e9gal, le profil des \u00e9missions de gaz \u00e0 effet de serre par secteur se pr\u00e9sente comme suit : 49% provenant du secteur \u00e9nerg\u00e9tique, 37% de l\u2019agriculture, 12% des d\u00e9chets et 2% des proc\u00e9d\u00e9s industriels. C\u2019est pourquoi les bases d\u2019une \u00e9conomie verte au S\u00e9n\u00e9gal se fondent d\u00e8s lors sur des politiques et programmes qui visent \u00e0 redresser ces niveaux vers une tendance baissi\u00e8re, surtout dans les grands secteurs \u00e9metteurs que sont l\u2019\u00e9nergie et l\u2019agriculture. Dans ces deux (02) grands secteurs, d\u2019importantes initiatives sont prises pour r\u00e9duire les \u00e9missions nocives pour l\u2019environnement et installer la culture du d\u00e9veloppement durable. Pour conclure, en vue d\u2019attirer les investissements, le gouvernement a adopt\u00e9 les mesures suivantes :<\/p>\n\n\n\n<p>&#8211;&nbsp;<strong>all\u00e8gement des proc\u00e9dures administratives de cr\u00e9ation d\u2019entreprises ;<\/strong><\/p>\n\n\n\n<p>&#8211;&nbsp;<strong>adoption d\u2019un code d\u2019investissement attrayant ;<\/strong><\/p>\n\n\n\n<p>&#8211;&nbsp;<strong>r\u00e9forme de la justice avec l\u2019institution d\u2019un tribunal de commerce ;<\/strong><\/p>\n\n\n\n<p>&#8211;&nbsp;<strong>r\u00e9vision en cours des proc\u00e9dures fiscales ;<\/strong><\/p>\n\n\n\n<p>&#8211;&nbsp;<strong>adoption d\u2019une loi sur le partenariat Public-Priv\u00e9, comme m\u00e9canisme innovant de financement de l\u2019\u00e9conomie.<\/strong><\/p>\n\n\n\n<p>Toutefois, cette ambition est aujourd\u2019hui mise \u00e0 rude \u00e9preuve avec la pand\u00e9mie de la covid-19 qui a affect\u00e9 les secteurs vitaux tels que les BTP, le Tourisme, la Restauration, la P\u00eache, le Commerce et les Transports. Face \u00e0 cette situation, le S\u00e9n\u00e9gal s\u2019est attel\u00e9 \u00e0 la mise en \u0153uvre de mesures de contingence, \u00e0 travers le Programme de R\u00e9silience Economique et Sociale (PRES) pour soulager les populations les plus affect\u00e9es et les entreprises directement touch\u00e9es par le choc. Aussi, \u00e0 la faveur de cette strat\u00e9gie de riposte, le taux de croissance du PIB est pr\u00e9vu \u00e0 +0.7% pour l\u2019ann\u00e9e 2020, alors que l\u2019Afrique subsaharienne et le monde affichent respectivement -3.2% et -4.9%.<\/p>\n\n\n\n<p><strong>C\u2019est dans cette logique que s\u2019inscrit l\u2019ajustement du PAP II du PSE d\u00e9nomm\u00e9 PAP Ajust\u00e9 et Acc\u00e9l\u00e9r\u00e9 pour la relance de l\u2019\u00e9conomie nationale (PAP 2A).<\/strong><\/p>\n\n\n\n<p>Il s\u2019agira de donner une sur-priorit\u00e9 \u00e0 la souverainet\u00e9 alimentaire (agriculture, \u00e9levage et p\u00eache), pharmaceutique et sanitaire, et de booster en m\u00eame temps l\u2019industrialisation de l\u2019\u00e9conomie, le num\u00e9rique, le tourisme, le logement, en favorisant davantage l\u2019\u00e9quit\u00e9 territoriale et l\u2019inclusion sociale. Parall\u00e8lement, les projets strat\u00e9giques des infrastructures et de l\u2019\u00e9nergie seront poursuivis. D\u2019ici 2023, le PAP2A requiert un financement de 22,4 milliards d\u2019euros dont le tiers est attendu du secteur priv\u00e9 local et \u00e9tranger. Environ 15.000 milliards de FCFA. Le S\u00e9n\u00e9gal est d\u2019attaque pour une croissance retrouv\u00e9e avec ce que j\u2019appellerai&nbsp;<strong>\u00ab bloque \u00e9quipe&nbsp;<\/strong>\u00bb en associant tous les acteurs de la vie \u00e9conomique et politique pour d\u00e8s 2021 une croissance affich\u00e9e \u00e0 5.20 ; 2022 \u00e0 7.20 et en 2023 pour une croissance \u00e0 deux chiffres dont l\u2019objectif est de 13%. Voil\u00e0 les d\u00e9fis que nous voulons relever avec notre programme de relance de l\u2019\u00e9conomie nationale. Voil\u00e0 ce qui nous permet de travailler ensemble sur des projets divers. En tant que pays d\u2019accueil, il nous appartient de poursuivre l\u2019am\u00e9lioration de l\u2019environnement des affaires. Je pense \u00e0 la simplification des formalit\u00e9s et des proc\u00e9dures, \u00e0 la disponibilit\u00e9 de ressources humaines qualifi\u00e9es, \u00e0 la logistique et aux autres facteurs de production comme l\u2019\u00e9nergie, les infrastructures physiques et le software.<\/p>\n\n\n\n<p>Il reste \u00e9vident que l\u2019humanit\u00e9, devant les p\u00e9rils, a toujours manqu\u00e9 d\u2019intelligence collective. C\u2019est pourquoi il devient imp\u00e9rieux de construire de nouvelles solidarit\u00e9s, de nouveaux r\u00e9flexes de vie car comme le dit l\u2019adage le p\u00e9ril est dans le retard et quand c\u2019est urgent c\u2019est d\u00e9j\u00e0 trop tard.<\/p>\n\n\n\n<p>En 2025, le S\u00e9n\u00e9gal se portera mieux, m\u00eame si les \u00e9tapes qui restent \u00e0 franchir constituent de v\u00e9ritables d\u00e9fis \u00e0 relever. Mais gr\u00e2ce au dispositif institutionnel ainsi que les m\u00e9canismes mis en place pour faire face aux al\u00e9as \u00e9conomiques, sociaux et autres coupeurs de route \u00e0 l\u2019image de la Covid 19 l\u2019optimisme est permis. Au terme de ma pr\u00e9sentation je sollicite votre indulgence pour avoir mobilis\u00e9 vos neurones dont je reste persuad\u00e9 qu\u2019ils sont attendus ailleurs par des t\u00e2ches toutes aussi urgentes les unes que les autres. Alors, ensemble, travaillons \u00e0 consolider nos relations, dans la confiance mutuelle. Ensemble, labourons le nouveau champ des possibles, par des investissements rentables et mutuellement b\u00e9n\u00e9fiques. <strong>Mes Remerciements \u00e0 tous ceux qui ont permis l\u2019organisation de cette conf\u00e9rence avec une mention sp\u00e9ciale \u00e0 Mme Elvire BONDON, M. Philippe OSTER.<\/strong><\/p>\n\n\n\n<p><strong>Merci de votre aimable attention !<\/strong><\/p>\n","protected":false},"excerpt":{"rendered":"<p>Monsieur le Directeur des Affaires Internationales de HEC Paris \u2013 Philippe OSTER, Monsieur le Pr\u00e9sident du Club D\u00e9veloppement International \u2013 Pierre Ives Carpentier, Madame la Directrice G\u00e9n\u00e9rale de HEC Alumni \u2013 Marguerite GALAND, Mesdames, Messieurs les membres du bureau de l\u2019Association des Alumni HEC, Mesdames, Messieurs de l\u2019Association des Alumni HEC, Chers Invit\u00e9s, Mesdames, Messieurs,&hellip; <br \/> <a class=\"read-more\" href=\"https:\/\/mbagnickdiop.com\/?p=647\">Lire la suite<\/a><\/p>\n","protected":false},"author":1,"featured_media":648,"comment_status":"open","ping_status":"closed","sticky":false,"template":"","format":"standard","meta":{"footnotes":""},"categories":[12],"tags":[],"class_list":["post-647","post","type-post","status-publish","format-standard","has-post-thumbnail","hentry","category-actualites"],"_links":{"self":[{"href":"https:\/\/mbagnickdiop.com\/index.php?rest_route=\/wp\/v2\/posts\/647","targetHints":{"allow":["GET"]}}],"collection":[{"href":"https:\/\/mbagnickdiop.com\/index.php?rest_route=\/wp\/v2\/posts"}],"about":[{"href":"https:\/\/mbagnickdiop.com\/index.php?rest_route=\/wp\/v2\/types\/post"}],"author":[{"embeddable":true,"href":"https:\/\/mbagnickdiop.com\/index.php?rest_route=\/wp\/v2\/users\/1"}],"replies":[{"embeddable":true,"href":"https:\/\/mbagnickdiop.com\/index.php?rest_route=%2Fwp%2Fv2%2Fcomments&post=647"}],"version-history":[{"count":4,"href":"https:\/\/mbagnickdiop.com\/index.php?rest_route=\/wp\/v2\/posts\/647\/revisions"}],"predecessor-version":[{"id":722,"href":"https:\/\/mbagnickdiop.com\/index.php?rest_route=\/wp\/v2\/posts\/647\/revisions\/722"}],"wp:featuredmedia":[{"embeddable":true,"href":"https:\/\/mbagnickdiop.com\/index.php?rest_route=\/wp\/v2\/media\/648"}],"wp:attachment":[{"href":"https:\/\/mbagnickdiop.com\/index.php?rest_route=%2Fwp%2Fv2%2Fmedia&parent=647"}],"wp:term":[{"taxonomy":"category","embeddable":true,"href":"https:\/\/mbagnickdiop.com\/index.php?rest_route=%2Fwp%2Fv2%2Fcategories&post=647"},{"taxonomy":"post_tag","embeddable":true,"href":"https:\/\/mbagnickdiop.com\/index.php?rest_route=%2Fwp%2Fv2%2Ftags&post=647"}],"curies":[{"name":"wp","href":"https:\/\/api.w.org\/{rel}","templated":true}]}}