{"id":762,"date":"2021-03-19T09:51:31","date_gmt":"2021-03-19T08:51:31","guid":{"rendered":"https:\/\/mbagnickdiop.com\/?p=762"},"modified":"2021-03-19T09:51:32","modified_gmt":"2021-03-19T08:51:32","slug":"dejeuner-avec-le-president-jean-lou-blachier-president-du-gpf","status":"publish","type":"post","link":"https:\/\/mbagnickdiop.com\/?p=762","title":{"rendered":"D\u00e9jeuner avec le Pr\u00e9sident Jean  Lou Blachier, Pr\u00e9sident du GPF"},"content":{"rendered":"\n<p>D\u00e9jeuner avec le Pr\u00e9sident Jean Lou Blachier, Pr\u00e9sident du GPF- Groupement du Patronat Francophone qui regroupe pr\u00e8s de 50 pays Francophonie. Pour rappel le Pr\u00e9sident Mbagnick Diop est le premier Vice Pr\u00e9sident du GPF. D&rsquo;ailleurs la deuxi\u00e8me \u00e9dition du FIEF &#8211; Forum International des Entreprises Francophones est pr\u00e9vue \u00e0 Dakar le 22 Juin 2021.<\/p>\n\n\n\n<figure class=\"wp-block-gallery columns-3 is-cropped wp-block-gallery-1 is-layout-flex wp-block-gallery-is-layout-flex\"><ul class=\"blocks-gallery-grid\"><li class=\"blocks-gallery-item\"><figure><img loading=\"lazy\" decoding=\"async\" width=\"1008\" height=\"454\" src=\"https:\/\/mbagnickdiop.com\/wp-content\/uploads\/2021\/03\/dej.jpg\" alt=\"\" data-id=\"763\" data-full-url=\"https:\/\/mbagnickdiop.com\/wp-content\/uploads\/2021\/03\/dej.jpg\" data-link=\"https:\/\/mbagnickdiop.com\/?attachment_id=763\" class=\"wp-image-763\" srcset=\"https:\/\/mbagnickdiop.com\/wp-content\/uploads\/2021\/03\/dej.jpg 1008w, https:\/\/mbagnickdiop.com\/wp-content\/uploads\/2021\/03\/dej-300x135.jpg 300w, https:\/\/mbagnickdiop.com\/wp-content\/uploads\/2021\/03\/dej-768x346.jpg 768w, https:\/\/mbagnickdiop.com\/wp-content\/uploads\/2021\/03\/dej-228x103.jpg 228w\" sizes=\"auto, (max-width: 1008px) 100vw, 1008px\" \/><\/figure><\/li><li class=\"blocks-gallery-item\"><figure><img loading=\"lazy\" decoding=\"async\" width=\"1008\" height=\"454\" src=\"https:\/\/mbagnickdiop.com\/wp-content\/uploads\/2021\/03\/dej1.jpg\" alt=\"\" data-id=\"764\" data-full-url=\"https:\/\/mbagnickdiop.com\/wp-content\/uploads\/2021\/03\/dej1.jpg\" data-link=\"https:\/\/mbagnickdiop.com\/?attachment_id=764\" class=\"wp-image-764\" srcset=\"https:\/\/mbagnickdiop.com\/wp-content\/uploads\/2021\/03\/dej1.jpg 1008w, https:\/\/mbagnickdiop.com\/wp-content\/uploads\/2021\/03\/dej1-300x135.jpg 300w, https:\/\/mbagnickdiop.com\/wp-content\/uploads\/2021\/03\/dej1-768x346.jpg 768w, https:\/\/mbagnickdiop.com\/wp-content\/uploads\/2021\/03\/dej1-228x103.jpg 228w\" sizes=\"auto, (max-width: 1008px) 100vw, 1008px\" \/><\/figure><\/li><li class=\"blocks-gallery-item\"><figure><img loading=\"lazy\" decoding=\"async\" width=\"912\" height=\"684\" src=\"https:\/\/mbagnickdiop.com\/wp-content\/uploads\/2021\/03\/dej2.jpg\" alt=\"\" data-id=\"765\" data-full-url=\"https:\/\/mbagnickdiop.com\/wp-content\/uploads\/2021\/03\/dej2.jpg\" data-link=\"https:\/\/mbagnickdiop.com\/?attachment_id=765\" class=\"wp-image-765\" srcset=\"https:\/\/mbagnickdiop.com\/wp-content\/uploads\/2021\/03\/dej2.jpg 912w, https:\/\/mbagnickdiop.com\/wp-content\/uploads\/2021\/03\/dej2-300x225.jpg 300w, https:\/\/mbagnickdiop.com\/wp-content\/uploads\/2021\/03\/dej2-768x576.jpg 768w, https:\/\/mbagnickdiop.com\/wp-content\/uploads\/2021\/03\/dej2-155x116.jpg 155w\" sizes=\"auto, (max-width: 912px) 100vw, 912px\" \/><\/figure><\/li><\/ul><\/figure>\n","protected":false},"excerpt":{"rendered":"<p>D\u00e9jeuner avec le Pr\u00e9sident Jean Lou Blachier, Pr\u00e9sident du GPF- Groupement du Patronat Francophone qui regroupe pr\u00e8s de 50 pays Francophonie. Pour rappel le Pr\u00e9sident Mbagnick Diop est le premier Vice Pr\u00e9sident du GPF. D&rsquo;ailleurs la deuxi\u00e8me \u00e9dition du FIEF &#8211; Forum International des Entreprises Francophones est pr\u00e9vue \u00e0 Dakar le 22 Juin 2021.<\/p>\n","protected":false},"author":1,"featured_media":765,"comment_status":"open","ping_status":"closed","sticky":false,"template":"","format":"standard","meta":{"footnotes":""},"categories":[13],"tags":[],"class_list":["post-762","post","type-post","status-publish","format-standard","has-post-thumbnail","hentry","category-media"],"_links":{"self":[{"href":"https:\/\/mbagnickdiop.com\/index.php?rest_route=\/wp\/v2\/posts\/762","targetHints":{"allow":["GET"]}}],"collection":[{"href":"https:\/\/mbagnickdiop.com\/index.php?rest_route=\/wp\/v2\/posts"}],"about":[{"href":"https:\/\/mbagnickdiop.com\/index.php?rest_route=\/wp\/v2\/types\/post"}],"author":[{"embeddable":true,"href":"https:\/\/mbagnickdiop.com\/index.php?rest_route=\/wp\/v2\/users\/1"}],"replies":[{"embeddable":true,"href":"https:\/\/mbagnickdiop.com\/index.php?rest_route=%2Fwp%2Fv2%2Fcomments&post=762"}],"version-history":[{"count":1,"href":"https:\/\/mbagnickdiop.com\/index.php?rest_route=\/wp\/v2\/posts\/762\/revisions"}],"predecessor-version":[{"id":766,"href":"https:\/\/mbagnickdiop.com\/index.php?rest_route=\/wp\/v2\/posts\/762\/revisions\/766"}],"wp:featuredmedia":[{"embeddable":true,"href":"https:\/\/mbagnickdiop.com\/index.php?rest_route=\/wp\/v2\/media\/765"}],"wp:attachment":[{"href":"https:\/\/mbagnickdiop.com\/index.php?rest_route=%2Fwp%2Fv2%2Fmedia&parent=762"}],"wp:term":[{"taxonomy":"category","embeddable":true,"href":"https:\/\/mbagnickdiop.com\/index.php?rest_route=%2Fwp%2Fv2%2Fcategories&post=762"},{"taxonomy":"post_tag","embeddable":true,"href":"https:\/\/mbagnickdiop.com\/index.php?rest_route=%2Fwp%2Fv2%2Ftags&post=762"}],"curies":[{"name":"wp","href":"https:\/\/api.w.org\/{rel}","templated":true}]}}