{"id":767,"date":"2021-04-22T16:57:33","date_gmt":"2021-04-22T14:57:33","guid":{"rendered":"https:\/\/mbagnickdiop.com\/?p=767"},"modified":"2021-04-22T16:57:33","modified_gmt":"2021-04-22T14:57:33","slug":"20e-edition-forum-du-1er-emp-discours-du-president-mbagnick-diop","status":"publish","type":"post","link":"https:\/\/mbagnickdiop.com\/?p=767","title":{"rendered":"20e Edition Forum du 1er EMp: Discours du Pr\u00e9sident Mbagnick DIOP"},"content":{"rendered":"\n<p><strong>Monsieur le Ministre de l\u2019Emploi, de la Formation Professionnelle et de l\u2019Apprentissage et de l\u2019Insertion,<\/strong><\/p>\n\n\n\n<p><strong>Monsieur le Ministre de l\u2019Economie, du Plan et de la Coop\u00e9ration,<\/strong><\/p>\n\n\n\n<p><strong>Monsieur le Ministre de l\u2019Education Nationale,<\/strong><\/p>\n\n\n\n<p><strong>Madame le Ministre de la Microfinance et de l\u2019Economie Sociale et Solidaire,<\/strong><\/p>\n\n\n\n<p><strong>Monsieur le Ministre de l\u2019Enseignement Sup\u00e9rieur, de la Recherche et de l\u2019Innovation,<\/strong><\/p>\n\n\n\n<p><strong>Monsieur le Ministre en charge du suivi du PSE,<\/strong><\/p>\n\n\n\n<p><strong>Mesdames, Messieurs les Pr\u00e9sidents des organisations Professionnelles et Patronales,<\/strong><\/p>\n\n\n\n<p><strong>Mesdames, Messieurs les Chefs d\u2019entreprises,<\/strong><\/p>\n\n\n\n<p><strong>Mesdames, Messieurs les Directeurs G\u00e9n\u00e9raux et Nationaux,<\/strong><\/p>\n\n\n\n<p><strong>Madame la Secr\u00e9taire G\u00e9n\u00e9rale du Conseil Economique Social et Environnemental,<\/strong><\/p>\n\n\n\n<p><strong>Messieurs les Secr\u00e9taires G\u00e9n\u00e9raux des Centrales syndicales,<\/strong><\/p>\n\n\n\n<p><strong>Honorables d\u00e9put\u00e9s,<\/strong><\/p>\n\n\n\n<p><strong>Honorables conseillers du CESE,<\/strong><\/p>\n\n\n\n<p><strong>Chers jeunes compatriotes, Chers \u00ab Forumistes \u00bb,<\/strong><\/p>\n\n\n\n<p><strong>Chers invit\u00e9s,<\/strong><\/p>\n\n\n\n<p><strong>20 ans d\u00e9j\u00e0&nbsp;!<\/strong>&nbsp;En effet, nous c\u00e9l\u00e9brons aujourd\u2019hui la 20<sup>e<\/sup>&nbsp;\u00e9dition du Forum du 1<sup>er<\/sup>&nbsp;Emploi.<\/p>\n\n\n\n<p>Nous avons compris et pris en compte avant tout le monde la probl\u00e9matique de l\u2019emploi des jeunes. Et pour nous, c\u2019est une grande fiert\u00e9 et une satisfaction incommensurable de voir le Pr\u00e9sident de la R\u00e9publique prendre \u00e0 bras le corps la probl\u00e9matique de l\u2019emploi des jeunes, l\u2019auto entreprenariat et l\u2019encadrement du secteur dit informel o\u00f9 une majorit\u00e9 de jeunes non dipl\u00f4m\u00e9s \u00e9voluent.<\/p>\n\n\n\n<p><strong>La th\u00e9matique de cette \u00e9dition 2021&nbsp;:<\/strong>&nbsp;<strong>\u00ab&nbsp;Souverainet\u00e9 \u00e9conomique&nbsp;: opportunit\u00e9s pour l\u2019employabilit\u00e9 et l\u2019emploi des jeunes&nbsp;?&nbsp;\u00bb<\/strong><\/p>\n\n\n\n<p>Le MEDS et le Patronat SENEGALAIS saluent et magnifient cette belle initiative salutaire du Chef de l\u2019Etat.<\/p>\n\n\n\n<p>Je r\u00e9it\u00e8re l\u2019engagement du Secteur Priv\u00e9 \u00e0 soutenir et accompagner le gouvernement \u00e0 mat\u00e9rialiser d\u2019une fa\u00e7on efficiente toutes les dispositions et d\u00e9cisions qui sortiront du conseil pr\u00e9sidentiel pr\u00e9vu ce jeudi 22 avril.<\/p>\n\n\n\n<p>Comme l\u2019a si bien dit le Pr\u00e9sident de la R\u00e9publique, la situation des jeunes n\u00e9cessite un nouvel \u00e9lan en raison de la crise \u00e9conomique sans pr\u00e9c\u00e9dent qui affecte tous les pays, d\u00e9velopp\u00e9s et en d\u00e9veloppement.<\/p>\n\n\n\n<p>C\u2019est pourquoi, il a d\u00e9cid\u00e9 d\u2019une r\u00e9orientation des allocations budg\u00e9taires \u00e0 hauteur de 450 milliards au moins sur 03 ans dont 150 milliards pour cette ann\u00e9e. Dans l\u2019imm\u00e9diat 80 milliards de FCFA au recrutement de 65 milles jeunes sur l\u2019ensemble du territoire national, dans les activit\u00e9s d\u2019\u00e9ducation, de renforcement, de reboisement, d\u2019hygi\u00e8ne publique, de pavage des villes et d\u2019entretien routier entre autres\u2026<\/p>\n\n\n\n<p>En ce qui concerne l\u2019extension de 1 \u00e0 15 milliards de la convention Emploi Jeunes, le Patronat, jouera sa partition en bonne intelligence avec l\u2019Etat.<\/p>\n\n\n\n<p>Avec notre maitrise au niveau du MEDS de la probl\u00e9matique de l\u2019emploi des jeunes, nous pr\u00e9conisons d\u2019identifier et rep\u00e9rer toutes les niches o\u00f9 gisent des emplois&nbsp;; nous devons ensemble op\u00e9rer les ruptures utiles \u00e0 tous les niveaux&nbsp;; nous devons repenser notre environnement \u00e9conomique.<\/p>\n\n\n\n<p><strong>Nous devons reformater notre syst\u00e8me acad\u00e9mique et de formation.<\/strong><\/p>\n\n\n\n<p><strong>LE CONTEXTE&nbsp;:<\/strong><\/p>\n\n\n\n<p>Le dispositif actuel de l\u2019Etat en faveur de l\u2019emploi des jeunes&nbsp;:<\/p>\n\n\n\n<ul class=\"wp-block-list\"><li>D\u00e9veloppement et acc\u00e9l\u00e9ration du processus de la formation professionnelle et technique<\/li><li>Financement et acc\u00e9l\u00e9ration des projets d\u2019entreprenariat et de la formation<\/li><li>Encadrement des jeunes entrepreneurs<\/li><li>Politiques incitatives de recrutement des jeunes en stage ou&nbsp; apprentissage<\/li><li>Projets sectoriels prioritaires favorisant l\u2019emploi des jeunes<\/li><li>Augmentation de l\u2019enveloppe destin\u00e9e aux financements des jeunes<\/li><li>R\u00e9orientation des allocations budg\u00e9taires \u00e0 hauteur de 350 milliards \u00e0 450 milliards<\/li><li>Programme d\u2019urgence pour l\u2019emploi et l\u2019insertion socio\u00e9conomique des jeunes &nbsp;<\/li><li>Acc\u00e9l\u00e9ration du processus d\u2019implantation au niveau national des centres de formation&nbsp;!<\/li><li>Et enfin cr\u00e9ation du Conseil National pour l\u2019Insertion et l\u2019Emploi des Jeunes \u2013 CNIEJ<\/li><\/ul>\n\n\n\n<p><strong>Quelques statistiques&nbsp;:<\/strong><\/p>\n\n\n\n<ul class=\"wp-block-list\"><li>75% de la population active est repr\u00e9sent\u00e9e par le secteur informel ou l\u2019auto emploi<\/li><li>15% de la population active est en ch\u00f4mage qui sera accentu\u00e9&nbsp; par les chiffres de 2020 li\u00e9s au COVID<\/li><li>7% dans le secteur priv\u00e9 formel<\/li><li>3.5% dans la fonction publique<\/li><\/ul>\n\n\n\n<p><strong>\u00ab&nbsp;La probl\u00e9matique des jeunes&nbsp;\u00bb actuelle&nbsp;!<\/strong><\/p>\n\n\n\n<ul class=\"wp-block-list\"><li>Faible absorption de la demande d\u2019emploi<\/li><li>Un niveau de qualification faible pour une insertion \u00e0 l\u2019Emploi<\/li><li>Forte absence d\u2019engagement civique&nbsp;!<\/li><li>Une inactivit\u00e9 favorisant des activit\u00e9s improductives&nbsp;!<\/li><\/ul>\n\n\n\n<p><strong>Principales faiblesses du dispositif actuel&nbsp;:<\/strong><\/p>\n\n\n\n<ul class=\"wp-block-list\"><li>15% de la population active au ch\u00f4mage<\/li><li>10 % seulement de la population active est dans le secteur formel (Public-Priv\u00e9). La part du secteur formel est trop faible.<\/li><li>75% de la population active dans l\u2019informel et l\u2019auto emploi.<\/li><\/ul>\n\n\n\n<p>Le programme de relance de l\u2019emploi devra \u00eatre restructur\u00e9 pour accorder plus de place \u00e0 cette cat\u00e9gorie d\u2019acteurs \u00e9conomiques.<\/p>\n\n\n\n<p>Apr\u00e8s avoir fait le diagnostic de l\u2019\u00e9cosyst\u00e8me, le MEDS propose ces huit (08) mesures ci-apr\u00e8s&nbsp;:<\/p>\n\n\n\n<ol class=\"wp-block-list\" type=\"1\"><li>Int\u00e9grer la probl\u00e9matique des entreprises \u00e0 l\u2019arr\u00eat ou en proc\u00e9dure de liquidation dans le dispositif pour une r\u00e9int\u00e9gration de certains travailleurs<\/li><li>Mettre en place des mesures incitatives pour les entreprises locales dans le cadre de la r\u00e9forme du code des investissements<\/li><li>Accroitre le niveau de financement et d\u00e9velopper le dispositif d\u2019accompagnement pour l\u2019informel et l\u2019auto entreprenariat&nbsp;!<\/li><li>D\u00e9velopper le b\u00e9n\u00e9volat chez les jeunes&nbsp;; les jeunes sans emploi- qualification, en totale inactivit\u00e9 pourrait acqu\u00e9rir un savoir-faire \/ exp\u00e9rience \u00e0 travers leur insertion au niveau du secteur public ou du secteur priv\u00e9.<\/li><li>Revisiter le pilotage des accords actuels d\u2019incitation \u00e0 l\u2019emploi conclus avec le secteur priv\u00e9 formel (stage, apprentis, Ecole\/entreprise) \u2013 les goulots d\u2019\u00e9tranglement<\/li><li>Une administration lourde et contraignante<\/li><li>Quote-part de l\u2019Etat&nbsp;: difficile \u00e0 recouvrer par les b\u00e9n\u00e9ficiaires<\/li><li>Absence de dynamisme et d\u00e9ficit de communication<\/li><li>Cr\u00e9er des comit\u00e9s locaux dans chaque commune d\u2019encadrement des jeunes<\/li><li>Cr\u00e9er des guichets&nbsp; locaux qui regrouperaient toutes les structures du dispositif actuel de l\u2019Etat<\/li><li>Rationaliser en fusionnant toutes les structures agences, d\u00e9l\u00e9gations et fonds \u00e9tatiques de financement au profit des jeunes&nbsp;<strong>en une seule<\/strong>&nbsp;<strong>entit\u00e9<\/strong>&nbsp;pour faciliter l\u2019obtention des financements, le retracement des d\u00e9caissements, l\u2019identification de tous les b\u00e9n\u00e9ficiaires pour une meilleure lisibilit\u00e9 et visibilit\u00e9 de toutes les actions du gouvernement en faveur des jeunes.<\/li><\/ol>\n\n\n\n<p>Avant de conclure, je voudrai remercier l\u2019ensemble des membres du gouvernement ici pr\u00e9sents \u00e0 l\u2019occasion de la c\u00e9r\u00e9monie d\u2019ouverture de la 20<sup>e<\/sup>&nbsp;\u00e9dition.<\/p>\n\n\n\n<p>Cela t\u00e9moigne tout l\u2019int\u00e9r\u00eat que le Pr\u00e9sident de la R\u00e9publique et les ministres en charge de cet \u00e9pineux probl\u00e8me portent \u00e0 l\u2019initiative du MEDS relative \u00e0 la probl\u00e9matique de l\u2019Emploi des Jeunes.<\/p>\n\n\n\n<p><strong>Mention sp\u00e9ciale au ministre Dame DIOP, pour son implication personnelle \u00e0 l\u2019organisation de cette 20<sup>e<\/sup>&nbsp;\u00e9dition du forum.<\/strong><\/p>\n\n\n\n<p><strong>Merci pour le ministre&nbsp;!<\/strong><\/p>\n\n\n\n<p>Au Pr\u00e9sident de la r\u00e9publique, nous vous prions de transmettre nos salutations respectueuses et amicales pour l\u2019humaine vision qui anime son action publique et son soutien constant au Forum du 1<sup>er<\/sup>&nbsp;emploi.<\/p>\n\n\n\n<p>Le MEDS est r\u00e9f\u00e9renc\u00e9 comme l\u2019une des organisations patronales nationales, s\u2019impliquant dans toutes les initiatives et programmes d\u2019employabilit\u00e9 des jeunes depuis&nbsp; 20 ans.<\/p>\n\n\n\n<p>Toutes ces actions accomplis, deviennent aujourd\u2019hui, une r\u00e9f\u00e9rence centrale, \u00e0 travers la production de connaissance, l\u2019innovation, les actions sur le terrain, mais aussi par son implication directe dans l\u2019\u00e9valuation des politiques publiques, en direction de l\u2019innovation, l\u2019orientation, l\u2019insertion et l\u2019emploi des jeunes.<\/p>\n\n\n\n<p>Pour terminer, nous rendons gr\u00e2ce \u00e0 Dieu de nous avoir permis d\u2019organiser depuis 20 ans&nbsp; les ateliers training en pr\u00e9lude des forums, la mise en place de la Fondation emploi&nbsp; jeunes qui accueille et inscrit les jeunes dipl\u00f4m\u00e9s et ouvriers sp\u00e9cialis\u00e9s primo demandeurs d\u2019emploi et les 20 \u00e9ditions du Forum du 1<sup>er<\/sup>&nbsp;Emploi.<\/p>\n\n\n\n<p><strong>A pr\u00e9ciser que le Forum du 1<sup>er<\/sup>&nbsp;Emploi est totalement gratuit.<\/strong><\/p>\n\n\n\n<p>En 20 \u00e9ditions, c\u2019est un budget confondu de pr\u00e8s d\u2019un milliard cinq cent millions pris, presque enti\u00e8rement, en charge par le MEDS, avec le soutien de nos partenaires et de l\u2019Etat.<\/p>\n\n\n\n<p>L\u2019occasion pour moi de remercier toutes les personnalit\u00e9s et anonymes qui m\u2019ont accompagn\u00e9 durant ces vingt longues ann\u00e9es pour offrir \u00e0 des milliers de jeunes l\u2019espoir en bandouli\u00e8re d\u2019avoir le sourire aux lendemains des Forums.<\/p>\n\n\n\n<p><strong>Cher Forumistes,<\/strong><\/p>\n\n\n\n<p>Un plein succ\u00e8s, d\u2019innovation et plein emploi \u00e0 nos vaillants forumistes dans vos trajectoires personnelles et surtout vers un emploi durable&nbsp;!<\/p>\n\n\n\n<p><strong>Je vous remercie de votre \u00e9coute active&nbsp;!<\/strong><\/p>\n\n\n\n<p><strong>Que vive et prosp\u00e8re notre nation dans l\u2019unit\u00e9 et la concorde&nbsp;!<\/strong><\/p>\n\n\n\n<p><strong>Vive le&nbsp; Forum du 1<sup>er<\/sup>&nbsp;Emploi&nbsp;!<\/strong><\/p>\n\n\n\n<p><strong>Vive le MEDS&nbsp;!<\/strong><\/p>\n\n\n\n<p><strong>Vive le SENEGAL&nbsp;!<\/strong><\/p>\n","protected":false},"excerpt":{"rendered":"<p>Monsieur le Ministre de l\u2019Emploi, de la Formation Professionnelle et de l\u2019Apprentissage et de l\u2019Insertion, Monsieur le Ministre de l\u2019Economie, du Plan et de la Coop\u00e9ration, Monsieur le Ministre de l\u2019Education Nationale, Madame le Ministre de la Microfinance et de l\u2019Economie Sociale et Solidaire, Monsieur le Ministre de l\u2019Enseignement Sup\u00e9rieur, de la Recherche et de&hellip; <br \/> <a class=\"read-more\" href=\"https:\/\/mbagnickdiop.com\/?p=767\">Lire la suite<\/a><\/p>\n","protected":false},"author":1,"featured_media":768,"comment_status":"open","ping_status":"closed","sticky":false,"template":"","format":"standard","meta":{"footnotes":""},"categories":[12],"tags":[],"class_list":["post-767","post","type-post","status-publish","format-standard","has-post-thumbnail","hentry","category-actualites"],"_links":{"self":[{"href":"https:\/\/mbagnickdiop.com\/index.php?rest_route=\/wp\/v2\/posts\/767","targetHints":{"allow":["GET"]}}],"collection":[{"href":"https:\/\/mbagnickdiop.com\/index.php?rest_route=\/wp\/v2\/posts"}],"about":[{"href":"https:\/\/mbagnickdiop.com\/index.php?rest_route=\/wp\/v2\/types\/post"}],"author":[{"embeddable":true,"href":"https:\/\/mbagnickdiop.com\/index.php?rest_route=\/wp\/v2\/users\/1"}],"replies":[{"embeddable":true,"href":"https:\/\/mbagnickdiop.com\/index.php?rest_route=%2Fwp%2Fv2%2Fcomments&post=767"}],"version-history":[{"count":1,"href":"https:\/\/mbagnickdiop.com\/index.php?rest_route=\/wp\/v2\/posts\/767\/revisions"}],"predecessor-version":[{"id":769,"href":"https:\/\/mbagnickdiop.com\/index.php?rest_route=\/wp\/v2\/posts\/767\/revisions\/769"}],"wp:featuredmedia":[{"embeddable":true,"href":"https:\/\/mbagnickdiop.com\/index.php?rest_route=\/wp\/v2\/media\/768"}],"wp:attachment":[{"href":"https:\/\/mbagnickdiop.com\/index.php?rest_route=%2Fwp%2Fv2%2Fmedia&parent=767"}],"wp:term":[{"taxonomy":"category","embeddable":true,"href":"https:\/\/mbagnickdiop.com\/index.php?rest_route=%2Fwp%2Fv2%2Fcategories&post=767"},{"taxonomy":"post_tag","embeddable":true,"href":"https:\/\/mbagnickdiop.com\/index.php?rest_route=%2Fwp%2Fv2%2Ftags&post=767"}],"curies":[{"name":"wp","href":"https:\/\/api.w.org\/{rel}","templated":true}]}}