{"id":824,"date":"2021-07-13T12:27:46","date_gmt":"2021-07-13T10:27:46","guid":{"rendered":"https:\/\/mbagnickdiop.com\/?p=824"},"modified":"2021-07-13T12:36:04","modified_gmt":"2021-07-13T10:36:04","slug":"cauris-dor-2021-discours-du-president-du-meds","status":"publish","type":"post","link":"https:\/\/mbagnickdiop.com\/?p=824","title":{"rendered":"Cauris d&rsquo;Or 2021: Discours du Pr\u00e9sident du MEDS"},"content":{"rendered":"\n<p><strong>Excellences Mesdames, Messieurs, les Ministres,<\/strong><\/p>\n\n\n\n<p><strong>Excellences Mesdames, Messieurs, les Ambassadeurs,<\/strong><\/p>\n\n\n\n<p><strong>Mesdames, Messieurs les repr\u00e9sentants des institutions internationales,<\/strong><\/p>\n\n\n\n<p><strong>Monsieur le Pr\u00e9sident du Groupement du Patronat Francophone,<\/strong><\/p>\n\n\n\n<p><strong>Mesdames, Messieurs, les Dirigeants des organisations patronales,<\/strong><\/p>\n\n\n\n<p><strong>Monsieur le Pr\u00e9sident du Jury \u2013 cher Thierno Seydou SY,<\/strong><\/p>\n\n\n\n<p><strong>Mesdames, Messieurs les membres du MEDS,<\/strong><\/p>\n\n\n\n<p><strong>Mesdames, Messieurs du Secteur Priv\u00e9,<\/strong><\/p>\n\n\n\n<p><strong>Mesdames, Messieurs,&nbsp; les Nomin\u00e9s,<\/strong><\/p>\n\n\n\n<p><strong>Chers invit\u00e9s,<\/strong><\/p>\n\n\n\n<p>Soyez les BIENVENUES \u00e0 cette&nbsp;<strong>16\u00e8me prestigieuse<\/strong>&nbsp;<strong>c\u00e9r\u00e9monie&nbsp;<\/strong>des&nbsp;<strong>cauris d\u2019or\u2019<\/strong>&nbsp;<strong>2021<\/strong>. Cela me donne \u00e0 nouveau l\u2019occasion d\u2019exprimer toute ma gratitude, ma reconnaissance et toute mon humilit\u00e9 face \u00e0 ce challenge, que plusieurs hommes et femmes de bonne foi, venant d\u2019horizons divers, mais convaincus que le potentiel existe en Afrique. Il nous donne l\u2019occasion d\u2019exprimer nos g\u00e9nies cr\u00e9atifs et de faire de cette soir\u00e9e, un grand \u00e9v\u00e8nement national, r\u00e9gional et international.<\/p>\n\n\n\n<p>2020 restera \u00e0 jamais grav\u00e9 dans les m\u00e9moires. C\u2019est l\u2019ann\u00e9e qui aura presque totalement boulevers\u00e9 le monde, avec la crise de la Covid-19 qui s\u2019est d\u00e9clar\u00e9e d\u00e8s les premiers mois de l\u2019ann\u00e9e. L\u2019ordre mondial \u00e9tabli au lendemain de la seconde mondiale avec la naissance de deux p\u00f4les de domination, la relance \u00e9conomique impos\u00e9e par les besoins de reconstruction de la majorit\u00e9 des pays, et les grandes mutations sociales et soci\u00e9tales, vient de subir une grande r\u00e9volution avec le passage de la Covid-19. D\u00e8s lors, notre communaut\u00e9 se voit impos\u00e9e une profonde introspection, notamment dans les domaines politiques, \u00e9conomiques, soci\u00e9taux, socioreligieux, et environnementaux.<\/p>\n\n\n\n<p>En effet, pour une fois, le monde a men\u00e9 une guerre sans aucune division et contre un seul ennemi : la Covid-19 !<\/p>\n\n\n\n<p>Le dernier sommet de Paris sur le financement des Economies Africaines en est une illustration.<\/p>\n\n\n\n<p>L\u2019Afrique en particulier, par la voix du Pr\u00e9sident Macky SALL a exhort\u00e9 \u00e0 de nouveaux paradigmes pour un \u00ab&nbsp; New Deal \u00bb \u00e0 d\u00e9faut d\u2019un plan Marshall pour l\u2019Afrique.<\/p>\n\n\n\n<p>Par une politique de relance de notre \u00e9conomie avec le PAP2A, l\u2019espoir est permis.<\/p>\n\n\n\n<p><strong>Le Cauris d\u2019or 2021 marque un tournant par l\u2019effet combin\u00e9 de deux faits majeurs.<\/strong><\/p>\n\n\n\n<p>Le bouleversement mondial entra\u00een\u00e9 par la pand\u00e9mie de la Covid-19 d\u2019une part, et la c\u00e9l\u00e9bration des 20 ans d\u2019existence du MEDS, socle des \u00ab Cauris d\u2019or \u00bb dont sa 16\u00e8me \u00e9dition cette ann\u00e9e est plac\u00e9e sous le th\u00e8me de&nbsp;<strong>\u00ab LA CONSECRATION \u00bb.<\/strong><\/p>\n\n\n\n<p>Cons\u00e9cration d\u2019une \u0153uvre n\u00e9e d\u2019une r\u00e9volution d\u2019une minorit\u00e9 d\u2019hommes et de femmes, au prix de lourds sacrifices, ont engag\u00e9 la bataille pour la reconnaissance des petits et des vuln\u00e9rables de notre espace \u00e9conomique au sein duquel le mouvement patronal n\u2019avait pas suffisamment int\u00e9gr\u00e9 les nombreuses PME et TPE, les artistes et les artisans, les scientifiques et les groupements de jeunes et de femmes, et de fa\u00e7on g\u00e9n\u00e9rale, l\u2019ensemble des acteurs \u00e9conomiques, pour ainsi refl\u00e9ter la r\u00e9alit\u00e9 de notre \u00e9conomie nationale.<\/p>\n\n\n\n<p>L\u2019instant est venu aujourd\u2019hui de nous satisfaire de l\u2019int\u00e9gration massive par l\u2019Etat du S\u00e9n\u00e9gal de tout acteur \u00e9conomique, dans le cercle des d\u00e9bats et des \u00e9changes sur les programmes de politique publique.<\/p>\n\n\n\n<p>Aujourd\u2019hui, les&nbsp;<strong>CAURIS D\u2019OR<\/strong>&nbsp;ont le grand privil\u00e8ge de figurer dans les agendas des plus grands d\u00e9cideurs de notre Continent et \u00e0 l\u2019International. Il est \u00e0 l\u2019image des&nbsp;<strong>OSCARS, du Festival de CANNES, des CESARS<\/strong>&nbsp;et des&nbsp;<strong>Grammy Awards<\/strong>.<\/p>\n\n\n\n<p><strong>La pr\u00e9sence dans cette belle salle de diff\u00e9rentes nationalit\u00e9s venues des quatre coins du monde en est la belle illustration.&nbsp;&nbsp;&nbsp;&nbsp;&nbsp;&nbsp;&nbsp;&nbsp;&nbsp;&nbsp;&nbsp;&nbsp;&nbsp;&nbsp;&nbsp;&nbsp;&nbsp;&nbsp;&nbsp;&nbsp;&nbsp;&nbsp;&nbsp;&nbsp;&nbsp;&nbsp;&nbsp;&nbsp;&nbsp;&nbsp; &nbsp;<\/strong><\/p>\n\n\n\n<p>Ce grand \u00e9v\u00e8nement strat\u00e9gique des&nbsp;<strong>TALENTS &amp; LEADERS<\/strong>&nbsp;d\u2019Afrique, est un rendez-vous de la Motivation des acteurs, de R\u00e9f\u00e9rence, de Networking et de Distinction de la&nbsp;<strong>REUSSITE &amp; l\u2019EXCELLENCE<\/strong>&nbsp;des d\u00e9cideurs, Talents et Leaders Africains.<\/p>\n\n\n\n<p><strong>En 16 ann\u00e9es, la C\u00e9r\u00e9monie des Cauris d\u2019Or est devenue en Afrique, un \u00e9v\u00e8nement INCONTOURNABLE, de c\u00e9l\u00e9bration du Leadership et de l\u2019Excellence.<\/strong><\/p>\n\n\n\n<p><strong>Tr\u00e8s chers et Honorables Invit\u00e9s<\/strong>, Le MEDS s\u2019est m\u00e9tamorphos\u00e9 en 20 ans d\u2019existence. Il s\u2019est donn\u00e9 de la consistance, gr\u00e2ce \u00e0 son travail acharn\u00e9 de prospective, en initiant toujours des nouveaux concepts strat\u00e9giques.<\/p>\n\n\n\n<p><strong>Le MEDS<\/strong>&nbsp;dispose d\u2019une lecture interne, r\u00e9aliste de la conjoncture \u00e9conomique du S\u00e9n\u00e9gal et du Monde. Gr\u00e2ce \u00e0 notre&nbsp;<strong>dispositif d\u2019intelligence \u00e9conomique, de veille et de prospective<\/strong>, nous avons compris tr\u00e8s t\u00f4t les grandes mutations de notre syst\u00e8me \u00e9conomique actuel.<\/p>\n\n\n\n<p>Oui !! Le MEDS s\u2019est bonifi\u00e9 en 20 ans d\u2019existence et a donn\u00e9 de la consistance \u00e0 20 ann\u00e9es de dur labeur en initiant toujours des concepts novateurs, parce que le MEDS a une lecture r\u00e9aliste de la conjoncture \u00e9conomique du S\u00e9n\u00e9gal et du Monde. Si je devais faire une br\u00e8ve incursion dans le pass\u00e9, je m\u2019aper\u00e7ois avec le recul, que le parcours des \u00ab Cauris d\u2019Or \u00bb est des plus significatifs avec des instants de joie, de bonheur, de qu\u00eate de s\u00e9r\u00e9nit\u00e9, de d\u00e9couverte de soi et des autres, mais aussi et surtout une manifestation riche du socle de connaissances qu\u2019elle a su forger pour avoir droit \u00e0 la table des grands d\u00e9cideurs du Monde.<\/p>\n\n\n\n<p>Vous l\u2019aurez remarqu\u00e9, le MEDS, fort de son pass\u00e9 et de son exp\u00e9rience, est toujours \u00e0 l\u2019aff\u00fbt du progr\u00e8s pour mieux anticiper sur les probl\u00e9matiques d\u2019avenir. Il ne s\u2019agit pas pour nous de r\u00e9inventer la roue, mais d\u2019\u00eatre dans une perp\u00e9tuelle qu\u00eate de soi qui s\u2019apparente \u00e0 un ressaisissement pour \u00eatre dans le sens de la marche du Monde.<\/p>\n\n\n\n<p>Vingt ans d\u00e9j\u00e0&nbsp;! Le MEDS a vingt ans. Le Mouvement des Entreprises du S\u00e9n\u00e9gal est une organisation patronale de rupture, c\u2019est un projet de soci\u00e9t\u00e9, une vision, des concepts, une m\u00e9thodologie, l\u2019efficacit\u00e9, une strat\u00e9gie, l\u2019action permanente et d\u2019anticipation.<\/p>\n\n\n\n<p><strong>Vingt ans d\u00e9j\u00e0, lorsque je regarde le r\u00e9troviseur, que de chemins parcourus&nbsp;!<\/strong><\/p>\n\n\n\n<p>Rendre hommage \u00e0 tous les acteurs du MEDS depuis le d\u00e9but de cette exaltante aventure qui ont r\u00e9ussi \u00e0 hisser le MEDS au sommet du monde de l\u2019entreprise.<\/p>\n\n\n\n<p>L\u2019un de nos plus grands acquis est d\u2019avoir favoris\u00e9 l\u2019\u00e9mergence d\u2019une nouvelle g\u00e9n\u00e9ration de chefs d\u2019entreprise.<\/p>\n\n\n\n<p>Ce soir, cet excellent et m\u00e9morable anniversaire de nos 20 ans, nous offre un privil\u00e8ge exceptionnel de Leadership, au niveau national, r\u00e9gional et International.<\/p>\n\n\n\n<p>Fort de son identit\u00e9 remarquable depuis 20 ans, le MEDS a incarn\u00e9 et cultiv\u00e9 \u00e0 la fois la loyaut\u00e9, l\u2019innovation, la solidarit\u00e9, le d\u00e9vouement, le g\u00e9nie cr\u00e9ateur et les valeurs, qui traduisent son ancrage, refl\u00e8tent ses ambitions et singularisent son positionnement institutionnel, \u00e9conomique et social.<\/p>\n\n\n\n<p>Avec ces six (06) piliers strat\u00e9giques, notre mouvement patronal op\u00e8re depuis 20 ans, avec agilit\u00e9 et habilet\u00e9, pour rester l\u2019Ambassadeur et le R\u00e9f\u00e9rentiel de l\u2019entreprise intelligente S\u00e9n\u00e9galaise dans toutes ses dimensions.<\/p>\n\n\n\n<p>La philosophie de base du MEDS, \u00e9tait fond\u00e9e sur le Pari de l\u2019action. Elle a confort\u00e9 l\u2019image d\u2019une institution soucieuse de promouvoir des valeurs de courage, d\u2019abn\u00e9gation, d\u2019esprit de sacrifice et de partenariat. Pour marquer la nouvelle d\u00e9cennie 2020, la philosophie du MEDS \u00e9volue vers le Pari de l\u2019Innovation et de l\u2019Intelligence&nbsp;:<\/p>\n\n\n\n<p><strong>L\u2019organisation de ce 20<sup>e<\/sup>&nbsp;anniversaire, en est une parfaite illustration.<\/strong><\/p>\n\n\n\n<p>Le MEDS a toujours eu comme comp\u00e9tence distinctive, sa grande capacit\u00e9 d\u2019innovation et de leadership. Il est devenu une&nbsp;<strong>MARQUE<\/strong>,&nbsp;<strong>un label<\/strong>&nbsp;dans le monde. Vingt ans durant, nous avons labellis\u00e9, l\u2019image de marque et la comp\u00e9titivit\u00e9 de nos leaders, nos entreprises, nos talents nationaux et continentaux et surtout lou\u00e9 la grande flexibilit\u00e9 de nos \u00e9conomies.<\/p>\n\n\n\n<p><strong>Sans fausse modestie<\/strong>, nous pensons que le&nbsp;<strong>MEDS a largement contribu\u00e9 aux changements de la perception de l\u2019entreprise au S\u00e9n\u00e9gal<\/strong>, mais il va s\u2019en dire, que nous avons toujours besoin de l\u2019Etat et d\u2019interlocuteurs \u00e0 l\u2019\u00e9coute de nos demandes et pour une&nbsp;<strong>Intelligence Collective<\/strong>. Apr\u00e8s plusieurs ann\u00e9es de contributions aux projets et initiatives de l\u2019Etat, nous estimons que le MEDS&nbsp;<strong>m\u00e9rite largement la place majeure,<\/strong>&nbsp;qu\u2019elle occupe au S\u00e9n\u00e9gal dans les relations entre l\u2019Etat et le secteur priv\u00e9.<\/p>\n\n\n\n<p><strong>Mesdames, Messieurs,<\/strong><\/p>\n\n\n\n<p><strong>Cette \u00e9dition 2021, sous le th\u00e8me de la CONSECRATION, nous interpelle dans nos capacit\u00e9s strat\u00e9giques \u00e0 apporter en Afrique, les meilleurs BENCHMARKS des grands \u00e9v\u00e8nements mondiaux de l\u2019Excellence et du Leadership.<\/strong><\/p>\n\n\n\n<p>Notre ambition pour le S\u00e9n\u00e9gal justifie, que nous nourrissions des&nbsp;<strong>projets<\/strong>&nbsp;<strong>d\u2019Intelligences Collectives<\/strong>&nbsp;port\u00e9s dans un bel \u00e9lan d\u2019unit\u00e9 et de \u00abVision partag\u00e9e \u00bb. Nous sommes pour la comp\u00e9tition \u00e9conomique et l\u2019\u00e9mulation nous conforte dans l\u2019id\u00e9e, que les entreprises et ceux qui les animent doivent faire corps avec l\u2019Etat, afin de relever ensemble tous les d\u00e9fis de&nbsp;<strong>l\u2019Emergence et de la S\u00e9curit\u00e9 Economique<\/strong>&nbsp;de notre nation.<\/p>\n\n\n\n<p><strong>Mesdames et Messieurs, chers Invit\u00e9s,<\/strong><\/p>\n\n\n\n<p>Ce soir, c\u2019est l\u2019occasion de mettre sous les projecteurs, des femmes et des hommes connus et anonymes, qui par leurs qualit\u00e9s professionnelles mais aussi humaines, sociales, contribuent de mani\u00e8re exceptionnelle, significative et innovante, au rayonnement de notre pays et notre continent. Je voudrais ici, f\u00e9liciter l\u2019ensemble des nomin\u00e9s, qui ont particip\u00e9 \u00e0 cette comp\u00e9tition et adresser mes chaleureuses f\u00e9licitations aux chers Laur\u00e9ats, ainsi qu\u2019\u00e0 leur famille.&nbsp;<strong>Mention sp\u00e9ciale aux membres du Jury et \u00e0 leur pr\u00e9sident le Directeur G\u00e9n\u00e9ral de la BNDE \u2013 Thierno Seydou Nourou SY.<\/strong><\/p>\n\n\n\n<p>Aux laur\u00e9ats, les r\u00e9sultats que vous avez obtenus par votre ardeur au travail, aident \u00e0 consolider la position de notre pays et de l\u2019Afrique dans le monde de demain. Je vous f\u00e9licite chaleureusement et vous remercie pour tout ce que vous faites pour vous-m\u00eame, pour votre pays et pour votre continent.<\/p>\n\n\n\n<p><strong>Chers laur\u00e9ats, Je voudrais aussi saluer les efforts qui vous ont valu ces prestigieuses distinctions. Je vous invite \u00e0 les appr\u00e9hender comme un engagement ferme en faveur de l\u2019exemplarit\u00e9 en toute circonstance et de l\u2019am\u00e9lioration continue de vos performances.<\/strong><\/p>\n\n\n\n<p>L\u2019occasion m\u2019est offerte ce soir, pour remercier et f\u00e9liciter l\u2019ensemble des \u00e9quipes du MEDS, les membres du MEDS ainsi que mes proches collaborateurs du Groupe Promo Consulting, qui font preuve au quotidien, d\u2019un d\u00e9vouement sans faille, de fid\u00e9lit\u00e9 et d\u2019une tr\u00e8s grande abn\u00e9gation et de professionnalisme.<\/p>\n\n\n\n<p>Je remercie ma famille, les autorit\u00e9s s\u00e9n\u00e9galaises, toutes les personnalit\u00e9s minist\u00e9rielles et une mention sp\u00e9ciale \u00e0 Son Excellence Monsieur le Pr\u00e9sident de la R\u00e9publique Macky SALL pour son implication et son soutien constant aux c\u00e9r\u00e9monies des cauris d\u2019or et des African Leadership Awards, remerciements aux institutions nationales et Internationales, les leaders d\u2019opinion, les d\u00e9cideurs \u00e9conomiques, financiers, les ambassadeurs et Chefs d\u2019entreprises ici pr\u00e9sents.<\/p>\n\n\n\n<p>Malgr\u00e9 vos lourdes et exaltantes charges, vous avez fait honneur au MEDS, en participant avec nous, \u00e0 la cons\u00e9cration de la soir\u00e9e de l\u2019Excellence et de l\u2019Innovation dans notre continent. Je confonds \u00e0 ces remerciements mes amis et coll\u00e8gues qui ont fait le d\u00e9placement de Dakar.<\/p>\n\n\n\n<p>Par ma voix, le MEDS vous adresse ses chaleureux remerciements, tout en vous r\u00e9it\u00e9rant son total engagement \u00e0 \u0153uvrer pour le d\u00e9veloppement, la promotion de l\u2019entreprise s\u00e9n\u00e9galaise et Africaine et, dans l\u2019\u00e9dification&nbsp;<strong>d\u2019un continent nouveau.<\/strong><\/p>\n\n\n\n<p><strong>Nos remerciements vont \u00e9galement \u00e0 tous les partenaires des Cauris d\u2019Or, pour leur fid\u00e9lit\u00e9, leur constance et leur adh\u00e9sion \u00e0 cette soir\u00e9e exceptionnelle du rendez-vous des CHAMPIONS.<\/strong><\/p>\n\n\n\n<p><strong>En vous donnant rendez-vous le 27 novembre 2021 \u00e0 NEW YORK, pour la quatri\u00e8me \u00e9dition des African Leadership Awards \u2013 ALA<\/strong>,&nbsp;<strong>la version internationale des Cauris d\u2019or, je vous souhaite une excellente soir\u00e9e.<\/strong><\/p>\n\n\n\n<p><strong>Que la f\u00eate soit belle Mesdames, Messieurs&nbsp;<\/strong><strong>!<\/strong><\/p>\n","protected":false},"excerpt":{"rendered":"<p>Excellences Mesdames, Messieurs, les Ministres, Excellences Mesdames, Messieurs, les Ambassadeurs, Mesdames, Messieurs les repr\u00e9sentants des institutions internationales, Monsieur le Pr\u00e9sident du Groupement du Patronat Francophone, Mesdames, Messieurs, les Dirigeants des organisations patronales, Monsieur le Pr\u00e9sident du Jury \u2013 cher Thierno Seydou SY, Mesdames, Messieurs les membres du MEDS, Mesdames, Messieurs du Secteur Priv\u00e9, Mesdames, Messieurs,&nbsp;&hellip; <br \/> <a class=\"read-more\" href=\"https:\/\/mbagnickdiop.com\/?p=824\">Lire la suite<\/a><\/p>\n","protected":false},"author":1,"featured_media":827,"comment_status":"open","ping_status":"closed","sticky":false,"template":"","format":"standard","meta":{"footnotes":""},"categories":[12],"tags":[],"class_list":["post-824","post","type-post","status-publish","format-standard","has-post-thumbnail","hentry","category-actualites"],"_links":{"self":[{"href":"https:\/\/mbagnickdiop.com\/index.php?rest_route=\/wp\/v2\/posts\/824","targetHints":{"allow":["GET"]}}],"collection":[{"href":"https:\/\/mbagnickdiop.com\/index.php?rest_route=\/wp\/v2\/posts"}],"about":[{"href":"https:\/\/mbagnickdiop.com\/index.php?rest_route=\/wp\/v2\/types\/post"}],"author":[{"embeddable":true,"href":"https:\/\/mbagnickdiop.com\/index.php?rest_route=\/wp\/v2\/users\/1"}],"replies":[{"embeddable":true,"href":"https:\/\/mbagnickdiop.com\/index.php?rest_route=%2Fwp%2Fv2%2Fcomments&post=824"}],"version-history":[{"count":1,"href":"https:\/\/mbagnickdiop.com\/index.php?rest_route=\/wp\/v2\/posts\/824\/revisions"}],"predecessor-version":[{"id":826,"href":"https:\/\/mbagnickdiop.com\/index.php?rest_route=\/wp\/v2\/posts\/824\/revisions\/826"}],"wp:featuredmedia":[{"embeddable":true,"href":"https:\/\/mbagnickdiop.com\/index.php?rest_route=\/wp\/v2\/media\/827"}],"wp:attachment":[{"href":"https:\/\/mbagnickdiop.com\/index.php?rest_route=%2Fwp%2Fv2%2Fmedia&parent=824"}],"wp:term":[{"taxonomy":"category","embeddable":true,"href":"https:\/\/mbagnickdiop.com\/index.php?rest_route=%2Fwp%2Fv2%2Fcategories&post=824"},{"taxonomy":"post_tag","embeddable":true,"href":"https:\/\/mbagnickdiop.com\/index.php?rest_route=%2Fwp%2Fv2%2Ftags&post=824"}],"curies":[{"name":"wp","href":"https:\/\/api.w.org\/{rel}","templated":true}]}}