{"id":890,"date":"2021-10-18T11:08:57","date_gmt":"2021-10-18T09:08:57","guid":{"rendered":"https:\/\/mbagnickdiop.com\/?p=890"},"modified":"2021-10-18T11:18:17","modified_gmt":"2021-10-18T09:18:17","slug":"1ere-edition-de-la-francophonie-en-capitale","status":"publish","type":"post","link":"https:\/\/mbagnickdiop.com\/?p=890","title":{"rendered":"1ere EDITION DE LA FRANCOPHONIE EN CAPITALE"},"content":{"rendered":"\n<p>Les patronats francophones se sont r\u00e9unis \u00e0 Paris autour du 1er colloque \u00e9conomique: \u00a0\u00bb Francophonie en Capitale\u00a0\u00bb organis\u00e9, le Jeudi 14 octobre 2021, \u00e0 l\u2019H\u00f4tel des Arts et M\u00e9tiers.<br>Cette 1\u00e8re \u00e9dition, a pour focus Paris et Dakar, il s&rsquo;agit de renforcer les liens et ainsi b\u00e2tir des projets communs durables entre les deux capitales francophones vis-\u00e0-vis de leurs entreprises locales. Le MEDS est repr\u00e9sent\u00e9 par son pr\u00e9sident Mbagnick Diop par ailleurs 1er vice-pr\u00e9sident du Groupement du Patronat Francophone (GPF).<\/p>\n\n\n\n<p>De nombreuses personnalit\u00e9s ont assist\u00e9 \u00e0 la rencontre de Paris et parmi lesquelles notamment le ministre s\u00e9n\u00e9galais du Tourisme et des Transports A\u00e9riens, \u00a0Alioune Sarr. Il y a \u00e9galement la pr\u00e9sence de Jean-Baptiste Lemoyne -Secr\u00e9taire d\u2019Etat charg\u00e9 du tourisme, des fran\u00e7ais de l\u2019\u00e9tranger et de la francophonie, Amadou Diallo &#8211; Consul G\u00e9n\u00e9ral du S\u00e9n\u00e9gal \u00e0 Paris, Moise Di\u00e9gane Sarr &#8211; Secr\u00e9taire d\u2019Etat, charg\u00e9 des S\u00e9n\u00e9galais de l\u2019Ext\u00e9rieur.<\/p>\n\n\n\n<p>DISCOURS DU PRESIDENT DU MEDS ET VICE-PRESIDENT DU GPF<\/p>\n\n\n\n<div data-wp-interactive=\"core\/file\" class=\"wp-block-file\"><object data-wp-bind--hidden=\"!state.hasPdfPreview\" hidden class=\"wp-block-file__embed\" data=\"https:\/\/mbagnickdiop.com\/wp-content\/uploads\/2021\/10\/Discours-francophonie-Pdt-DIOP.pdf\" type=\"application\/pdf\" style=\"width:100%;height:600px\" aria-label=\"Contenu embarqu\u00e9 Contenu embarqu\u00e9 Discours-francophonie-Pdt-DIOP..\"><\/object><a href=\"https:\/\/mbagnickdiop.com\/wp-content\/uploads\/2021\/10\/Discours-francophonie-Pdt-DIOP.pdf\">Discours-francophonie-Pdt-DIOP<\/a><a href=\"https:\/\/mbagnickdiop.com\/wp-content\/uploads\/2021\/10\/Discours-francophonie-Pdt-DIOP.pdf\" class=\"wp-block-file__button\" download>T\u00e9l\u00e9charger<\/a><\/div>\n\n\n\n<p><a href=\"\"><\/a><\/p>\n\n\n\n<p><img decoding=\"async\" src=\"https:\/\/meds-senegal.com\/wp-content\/uploads\/2021\/10\/WhatsApp-Image-2021-10-14-at-18.32.26.jpeg\" alt=\"\"><\/p>\n\n\n\n<p><img decoding=\"async\" src=\"https:\/\/meds-senegal.com\/wp-content\/uploads\/2021\/10\/WhatsApp-Image-2021-10-14-at-18.32.25.jpeg\" alt=\"\"><\/p>\n\n\n\n<p><img decoding=\"async\" src=\"https:\/\/meds-senegal.com\/wp-content\/uploads\/2021\/10\/WhatsApp-Image-2021-10-14-at-18.32.24.jpeg\" alt=\"\"><\/p>\n\n\n\n<p><img decoding=\"async\" src=\"https:\/\/meds-senegal.com\/wp-content\/uploads\/2021\/10\/WhatsApp-Image-2021-10-14-at-18.21.17.jpeg\" alt=\"\"><\/p>\n\n\n\n<p><img decoding=\"async\" src=\"https:\/\/meds-senegal.com\/wp-content\/uploads\/2021\/10\/WhatsApp-Image-2021-10-14-at-18.20.33.jpeg\" alt=\"\"><\/p>\n\n\n\n<p><img decoding=\"async\" src=\"https:\/\/meds-senegal.com\/wp-content\/uploads\/2021\/10\/WhatsApp-Image-2021-10-14-at-18.20.17-2.jpeg\" alt=\"\"><\/p>\n\n\n\n<p><img decoding=\"async\" src=\"https:\/\/meds-senegal.com\/wp-content\/uploads\/2021\/10\/WhatsApp-Image-2021-10-14-at-18.20.17-1.jpeg\" alt=\"\"><\/p>\n\n\n\n<p><img decoding=\"async\" src=\"https:\/\/meds-senegal.com\/wp-content\/uploads\/2021\/10\/WhatsApp-Image-2021-10-14-at-18.20.16-2.jpeg\" alt=\"\"><\/p>\n\n\n\n<p><img decoding=\"async\" src=\"https:\/\/meds-senegal.com\/wp-content\/uploads\/2021\/10\/WhatsApp-Image-2021-10-14-at-18.20.16.jpeg\" alt=\"\"><\/p>\n\n\n\n<p><img decoding=\"async\" src=\"https:\/\/meds-senegal.com\/wp-content\/uploads\/2021\/10\/WhatsApp-Image-2021-10-14-at-18.20.16.jpeg\" alt=\"\"><\/p>\n\n\n\n<p><img decoding=\"async\" src=\"https:\/\/meds-senegal.com\/wp-content\/uploads\/2021\/10\/WhatsApp-Image-2021-10-14-at-18.20.17.jpeg\" alt=\"\"><img decoding=\"async\" src=\"https:\/\/meds-senegal.com\/wp-content\/uploads\/2021\/10\/WhatsApp-Image-2021-10-14-at-18.20.16-1.jpeg\" alt=\"\"><\/p>\n\n\n\n<p><img decoding=\"async\" src=\"https:\/\/meds-senegal.com\/wp-content\/uploads\/2021\/10\/WhatsApp-Image-2021-10-14-at-18.20.15-1.jpeg\" alt=\"\"><\/p>\n\n\n\n<p><img decoding=\"async\" src=\"https:\/\/meds-senegal.com\/wp-content\/uploads\/2021\/10\/WhatsApp-Image-2021-10-14-at-18.20.16-1.jpeg\" alt=\"\"><\/p>\n\n\n\n<p><img decoding=\"async\" src=\"https:\/\/meds-senegal.com\/wp-content\/uploads\/2021\/10\/WhatsApp-Image-2021-10-14-at-18.20.15-1.jpeg\" alt=\"\"><\/p>\n\n\n\n<figure class=\"wp-block-image\"><img decoding=\"async\" src=\"https:\/\/meds-senegal.com\/wp-content\/uploads\/2021\/10\/WhatsApp-Image-2021-10-14-at-18.20.15.jpeg\" alt=\"\"\/><\/figure>\n","protected":false},"excerpt":{"rendered":"<p>Les patronats francophones se sont r\u00e9unis \u00e0 Paris autour du 1er colloque \u00e9conomique: \u00a0\u00bb Francophonie en Capitale\u00a0\u00bb organis\u00e9, le Jeudi 14 octobre 2021, \u00e0 l\u2019H\u00f4tel des Arts et M\u00e9tiers.Cette 1\u00e8re \u00e9dition, a pour focus Paris et Dakar, il s&rsquo;agit de renforcer les liens et ainsi b\u00e2tir des projets communs durables entre les deux capitales francophones&hellip; <br \/> <a class=\"read-more\" href=\"https:\/\/mbagnickdiop.com\/?p=890\">Lire la suite<\/a><\/p>\n","protected":false},"author":1,"featured_media":891,"comment_status":"open","ping_status":"closed","sticky":false,"template":"","format":"standard","meta":{"footnotes":""},"categories":[12],"tags":[],"class_list":["post-890","post","type-post","status-publish","format-standard","has-post-thumbnail","hentry","category-actualites"],"_links":{"self":[{"href":"https:\/\/mbagnickdiop.com\/index.php?rest_route=\/wp\/v2\/posts\/890","targetHints":{"allow":["GET"]}}],"collection":[{"href":"https:\/\/mbagnickdiop.com\/index.php?rest_route=\/wp\/v2\/posts"}],"about":[{"href":"https:\/\/mbagnickdiop.com\/index.php?rest_route=\/wp\/v2\/types\/post"}],"author":[{"embeddable":true,"href":"https:\/\/mbagnickdiop.com\/index.php?rest_route=\/wp\/v2\/users\/1"}],"replies":[{"embeddable":true,"href":"https:\/\/mbagnickdiop.com\/index.php?rest_route=%2Fwp%2Fv2%2Fcomments&post=890"}],"version-history":[{"count":2,"href":"https:\/\/mbagnickdiop.com\/index.php?rest_route=\/wp\/v2\/posts\/890\/revisions"}],"predecessor-version":[{"id":895,"href":"https:\/\/mbagnickdiop.com\/index.php?rest_route=\/wp\/v2\/posts\/890\/revisions\/895"}],"wp:featuredmedia":[{"embeddable":true,"href":"https:\/\/mbagnickdiop.com\/index.php?rest_route=\/wp\/v2\/media\/891"}],"wp:attachment":[{"href":"https:\/\/mbagnickdiop.com\/index.php?rest_route=%2Fwp%2Fv2%2Fmedia&parent=890"}],"wp:term":[{"taxonomy":"category","embeddable":true,"href":"https:\/\/mbagnickdiop.com\/index.php?rest_route=%2Fwp%2Fv2%2Fcategories&post=890"},{"taxonomy":"post_tag","embeddable":true,"href":"https:\/\/mbagnickdiop.com\/index.php?rest_route=%2Fwp%2Fv2%2Ftags&post=890"}],"curies":[{"name":"wp","href":"https:\/\/api.w.org\/{rel}","templated":true}]}}