{"id":896,"date":"2021-11-09T13:37:00","date_gmt":"2021-11-09T12:37:00","guid":{"rendered":"https:\/\/mbagnickdiop.com\/?p=896"},"modified":"2021-12-15T13:42:06","modified_gmt":"2021-12-15T12:42:06","slug":"forum-international-des-entreprises-francophones","status":"publish","type":"post","link":"https:\/\/mbagnickdiop.com\/?p=896","title":{"rendered":"Forum International des Entreprises Francophones"},"content":{"rendered":"\n<p>Dakar a accueilli ce mardi 09 novembre 2021, au King Fahd palace la 2eme \u00c9dition du Forum International des Entreprises Francophones- FIEF. Manifestation pr\u00e9sid\u00e9e par le ministre en charge du suivi du PSE Abdou Karim Fofana en pr\u00e9sence de Madame Edith Cresson ancienne premi\u00e8re ministre de France, de Jean Lou Blachier, Pr\u00e9sident du GPF et du Pr\u00e9sident du MEDS Mbagnick Diop.<\/p>\n\n\n\n<div data-wp-interactive=\"core\/file\" class=\"wp-block-file\"><object data-wp-bind--hidden=\"!state.hasPdfPreview\" hidden class=\"wp-block-file__embed\" data=\"https:\/\/mbagnickdiop.com\/wp-content\/uploads\/2021\/12\/Discours-du-Pdt-Mbagnick-DIOP-FIEF-21-2.pdf\" type=\"application\/pdf\" style=\"width:100%;height:600px\" aria-label=\"Contenu embarqu\u00e9 Contenu embarqu\u00e9 Discours-du-Pdt-Mbagnick-DIOP-FIEF-21-2..\"><\/object><a href=\"https:\/\/mbagnickdiop.com\/wp-content\/uploads\/2021\/12\/Discours-du-Pdt-Mbagnick-DIOP-FIEF-21-2.pdf\">Discours-du-Pdt-Mbagnick-DIOP-FIEF-21-2<\/a><a href=\"https:\/\/mbagnickdiop.com\/wp-content\/uploads\/2021\/12\/Discours-du-Pdt-Mbagnick-DIOP-FIEF-21-2.pdf\" class=\"wp-block-file__button\" download>T\u00e9l\u00e9charger<\/a><\/div>\n","protected":false},"excerpt":{"rendered":"<p>Dakar a accueilli ce mardi 09 novembre 2021, au King Fahd palace la 2eme \u00c9dition du Forum International des Entreprises Francophones- FIEF. Manifestation pr\u00e9sid\u00e9e par le ministre en charge du suivi du PSE Abdou Karim Fofana en pr\u00e9sence de Madame Edith Cresson ancienne premi\u00e8re ministre de France, de Jean Lou Blachier, Pr\u00e9sident du GPF et&hellip; <br \/> <a class=\"read-more\" href=\"https:\/\/mbagnickdiop.com\/?p=896\">Lire la suite<\/a><\/p>\n","protected":false},"author":1,"featured_media":898,"comment_status":"open","ping_status":"closed","sticky":false,"template":"","format":"standard","meta":{"footnotes":""},"categories":[12],"tags":[],"class_list":["post-896","post","type-post","status-publish","format-standard","has-post-thumbnail","hentry","category-actualites"],"_links":{"self":[{"href":"https:\/\/mbagnickdiop.com\/index.php?rest_route=\/wp\/v2\/posts\/896","targetHints":{"allow":["GET"]}}],"collection":[{"href":"https:\/\/mbagnickdiop.com\/index.php?rest_route=\/wp\/v2\/posts"}],"about":[{"href":"https:\/\/mbagnickdiop.com\/index.php?rest_route=\/wp\/v2\/types\/post"}],"author":[{"embeddable":true,"href":"https:\/\/mbagnickdiop.com\/index.php?rest_route=\/wp\/v2\/users\/1"}],"replies":[{"embeddable":true,"href":"https:\/\/mbagnickdiop.com\/index.php?rest_route=%2Fwp%2Fv2%2Fcomments&post=896"}],"version-history":[{"count":1,"href":"https:\/\/mbagnickdiop.com\/index.php?rest_route=\/wp\/v2\/posts\/896\/revisions"}],"predecessor-version":[{"id":899,"href":"https:\/\/mbagnickdiop.com\/index.php?rest_route=\/wp\/v2\/posts\/896\/revisions\/899"}],"wp:featuredmedia":[{"embeddable":true,"href":"https:\/\/mbagnickdiop.com\/index.php?rest_route=\/wp\/v2\/media\/898"}],"wp:attachment":[{"href":"https:\/\/mbagnickdiop.com\/index.php?rest_route=%2Fwp%2Fv2%2Fmedia&parent=896"}],"wp:term":[{"taxonomy":"category","embeddable":true,"href":"https:\/\/mbagnickdiop.com\/index.php?rest_route=%2Fwp%2Fv2%2Fcategories&post=896"},{"taxonomy":"post_tag","embeddable":true,"href":"https:\/\/mbagnickdiop.com\/index.php?rest_route=%2Fwp%2Fv2%2Ftags&post=896"}],"curies":[{"name":"wp","href":"https:\/\/api.w.org\/{rel}","templated":true}]}}