{"id":927,"date":"2022-11-18T10:09:00","date_gmt":"2022-11-18T09:09:00","guid":{"rendered":"https:\/\/mbagnickdiop.com\/?p=927"},"modified":"2023-01-13T11:09:52","modified_gmt":"2023-01-13T10:09:52","slug":"fief-forum-international-des-entreprises-francophones-2022","status":"publish","type":"post","link":"https:\/\/mbagnickdiop.com\/?p=927","title":{"rendered":"FIEF &#8211; Forum International des Entreprises Francophones 2022"},"content":{"rendered":"\n<p>Ce mardi 15 Novembre, Dakar a arbitr\u00e9 le FIEF &#8211; Forum International des Entreprises Francophones. Une centaine d&rsquo;entreprises Francophones venues des 04 coins du monde ont particip\u00e9 activement au Forum. Mme Victorine Ndeye Anquediche, Ministre de la Microfinance et de l&rsquo;\u00e9conomie solidaire et sociale a pr\u00e9sid\u00e9 la s\u00e9ance officielle d&rsquo;ouverture au nom de monsieur le Pr\u00e9sident de la R\u00e9publique. Le Pr\u00e9sident du Meds et 1er Vice Pr\u00e9sident du GPF a magnifi\u00e9 la tenue de cette troisi\u00e8me \u00e9dition en terre S\u00e9n\u00e9galaise. Le Pr\u00e9sident du Groupement du Patronat Francophone Jean Lou Blachier a rendu un vibrant hommage au Pr\u00e9sident du Groupe Promo Consulting pour sa constance et son engagement pour le d\u00e9veloppement de l&rsquo;\u00e9cosyst\u00e8me Francophone&#8230; Vive le FIEF !<\/p>\n\n\n\n<figure class=\"wp-block-image size-large\"><img loading=\"lazy\" decoding=\"async\" width=\"1024\" height=\"683\" src=\"https:\/\/mbagnickdiop.com\/wp-content\/uploads\/2023\/01\/315622676_674119277611278_2188096376140333723_n-1024x683.jpg\" alt=\"\" class=\"wp-image-929\" srcset=\"https:\/\/mbagnickdiop.com\/wp-content\/uploads\/2023\/01\/315622676_674119277611278_2188096376140333723_n-1024x683.jpg 1024w, https:\/\/mbagnickdiop.com\/wp-content\/uploads\/2023\/01\/315622676_674119277611278_2188096376140333723_n-300x200.jpg 300w, https:\/\/mbagnickdiop.com\/wp-content\/uploads\/2023\/01\/315622676_674119277611278_2188096376140333723_n-768x512.jpg 768w, https:\/\/mbagnickdiop.com\/wp-content\/uploads\/2023\/01\/315622676_674119277611278_2188096376140333723_n-174x116.jpg 174w, https:\/\/mbagnickdiop.com\/wp-content\/uploads\/2023\/01\/315622676_674119277611278_2188096376140333723_n.jpg 1280w\" sizes=\"auto, (max-width: 1024px) 100vw, 1024px\" \/><\/figure>\n\n\n\n<figure class=\"wp-block-image size-large\"><img loading=\"lazy\" decoding=\"async\" width=\"1024\" height=\"683\" src=\"https:\/\/mbagnickdiop.com\/wp-content\/uploads\/2023\/01\/315429662_674117427611463_1781853599285852251_n-1024x683.jpg\" alt=\"\" class=\"wp-image-928\" srcset=\"https:\/\/mbagnickdiop.com\/wp-content\/uploads\/2023\/01\/315429662_674117427611463_1781853599285852251_n-1024x683.jpg 1024w, https:\/\/mbagnickdiop.com\/wp-content\/uploads\/2023\/01\/315429662_674117427611463_1781853599285852251_n-300x200.jpg 300w, https:\/\/mbagnickdiop.com\/wp-content\/uploads\/2023\/01\/315429662_674117427611463_1781853599285852251_n-768x512.jpg 768w, https:\/\/mbagnickdiop.com\/wp-content\/uploads\/2023\/01\/315429662_674117427611463_1781853599285852251_n-174x116.jpg 174w, https:\/\/mbagnickdiop.com\/wp-content\/uploads\/2023\/01\/315429662_674117427611463_1781853599285852251_n.jpg 1080w\" sizes=\"auto, (max-width: 1024px) 100vw, 1024px\" \/><\/figure>\n","protected":false},"excerpt":{"rendered":"<p>Ce mardi 15 Novembre, Dakar a arbitr\u00e9 le FIEF &#8211; Forum International des Entreprises Francophones. Une centaine d&rsquo;entreprises Francophones venues des 04 coins du monde ont particip\u00e9 activement au Forum. Mme Victorine Ndeye Anquediche, Ministre de la Microfinance et de l&rsquo;\u00e9conomie solidaire et sociale a pr\u00e9sid\u00e9 la s\u00e9ance officielle d&rsquo;ouverture au nom de monsieur le&hellip; <br \/> <a class=\"read-more\" href=\"https:\/\/mbagnickdiop.com\/?p=927\">Lire la suite<\/a><\/p>\n","protected":false},"author":1,"featured_media":930,"comment_status":"open","ping_status":"closed","sticky":false,"template":"","format":"standard","meta":{"footnotes":""},"categories":[1],"tags":[],"class_list":["post-927","post","type-post","status-publish","format-standard","has-post-thumbnail","hentry","category-non-classe"],"_links":{"self":[{"href":"https:\/\/mbagnickdiop.com\/index.php?rest_route=\/wp\/v2\/posts\/927","targetHints":{"allow":["GET"]}}],"collection":[{"href":"https:\/\/mbagnickdiop.com\/index.php?rest_route=\/wp\/v2\/posts"}],"about":[{"href":"https:\/\/mbagnickdiop.com\/index.php?rest_route=\/wp\/v2\/types\/post"}],"author":[{"embeddable":true,"href":"https:\/\/mbagnickdiop.com\/index.php?rest_route=\/wp\/v2\/users\/1"}],"replies":[{"embeddable":true,"href":"https:\/\/mbagnickdiop.com\/index.php?rest_route=%2Fwp%2Fv2%2Fcomments&post=927"}],"version-history":[{"count":1,"href":"https:\/\/mbagnickdiop.com\/index.php?rest_route=\/wp\/v2\/posts\/927\/revisions"}],"predecessor-version":[{"id":931,"href":"https:\/\/mbagnickdiop.com\/index.php?rest_route=\/wp\/v2\/posts\/927\/revisions\/931"}],"wp:featuredmedia":[{"embeddable":true,"href":"https:\/\/mbagnickdiop.com\/index.php?rest_route=\/wp\/v2\/media\/930"}],"wp:attachment":[{"href":"https:\/\/mbagnickdiop.com\/index.php?rest_route=%2Fwp%2Fv2%2Fmedia&parent=927"}],"wp:term":[{"taxonomy":"category","embeddable":true,"href":"https:\/\/mbagnickdiop.com\/index.php?rest_route=%2Fwp%2Fv2%2Fcategories&post=927"},{"taxonomy":"post_tag","embeddable":true,"href":"https:\/\/mbagnickdiop.com\/index.php?rest_route=%2Fwp%2Fv2%2Ftags&post=927"}],"curies":[{"name":"wp","href":"https:\/\/api.w.org\/{rel}","templated":true}]}}