{"id":993,"date":"2023-06-05T14:17:44","date_gmt":"2023-06-05T12:17:44","guid":{"rendered":"https:\/\/mbagnickdiop.com\/?p=993"},"modified":"2023-06-05T14:57:39","modified_gmt":"2023-06-05T12:57:39","slug":"visite-du-president-du-meds-mbagnick-diop-a-l-aps-interview-images","status":"publish","type":"post","link":"https:\/\/mbagnickdiop.com\/?p=993","title":{"rendered":"Visite du pr\u00e9sident du MEDS Mbagnick Diop \u00e0 l\u2019 APS &#8211; Interview\/Images"},"content":{"rendered":"\n<p><strong>Le MEDS veut l\u2019institutionnalisation d\u2019une \u00ab&nbsp;rencontre p\u00e9riodique&nbsp;\u00bb entre le chef de l\u2019Etat et le patronat<\/strong><\/p>\n\n\n\n<p>Dakar, 26 mai (APS) \u2013 Le pr\u00e9sident du Mouvement des entreprises du S\u00e9n\u00e9gal (MEDS), Mbagnick Diop, sugg\u00e8re &nbsp;\u00bbl\u2019institutionnalisation&nbsp;\u00bb d\u2019une rencontre p\u00e9riodique tous les trois mois entre le pr\u00e9sident de la R\u00e9publique et le secteur priv\u00e9, en vue d\u2019\u00e9changer avec des acteurs qui cr\u00e9ent de la richesse et investissent au S\u00e9n\u00e9gal.<\/p>\n\n\n\n<p>&nbsp;\u00bbAujourd\u2019hui, il y a une sorte de frustration du secteur priv\u00e9 quand on voit le pr\u00e9sident de la R\u00e9publique recevoir certaines cat\u00e9gories sociales, comme les lutteurs et les artistes&nbsp;\u00bb, a relev\u00e9 le pr\u00e9sident du MDES, s\u2019exprimant dans un entretien avec l\u2019APS, dont il \u00e9tait l\u2019invit\u00e9 de la r\u00e9daction.<\/p>\n\n\n\n<p>Selon Mbagnick Diop, &nbsp;\u00bble secteur priv\u00e9 qui constitue la colonne vert\u00e9brale de l\u2019\u00e9conomie et qui cr\u00e9e de la richesse au S\u00e9n\u00e9gal devrait \u00eatre la priorit\u00e9&nbsp;\u00bb. Aussi a-t-il sugg\u00e9r\u00e9 l\u2019institutionnalisation d\u2019une rencontre, tous les trois mois, entre le pr\u00e9sident de la R\u00e9publique et le patronat.<\/p>\n\n\n\n<p>\u00bbA titre priv\u00e9, on le [le pr\u00e9sident de la R\u00e9publique] voit. \u00c7\u00e0, il n\u2019y a aucun souci. Mais, je parle du patronat et du secteur priv\u00e9&nbsp;\u00bb, a-t-il pr\u00e9cis\u00e9, en faisant allusion \u00e0 cette audience du chef de l\u2019Etat avec le patronat annonc\u00e9e depuis le mois de f\u00e9vrier.<\/p>\n\n\n\n<p>Il consid\u00e8re que &nbsp;\u00bbc\u2019est important m\u00eame pour le pr\u00e9sident de la R\u00e9publique de rencontrer des acteurs qui sont sur le terrain et qui investissent au S\u00e9n\u00e9gal&nbsp;\u00bb.<\/p>\n\n\n\n<p>&nbsp;\u00bbNous ne qu\u00e9mandons rien, mais le secteur priv\u00e9 a juste besoin de sentir qu\u2019il y a l\u2019Etat \u00e0 ses c\u00f4t\u00e9s&nbsp;\u00bb, a soulign\u00e9 M. Diop, donnant l\u2019exemple de pays, comme la France, la Chine et le Maroc, o\u00f9 le pr\u00e9sident est souvent accompagn\u00e9 lors de ses d\u00e9placements \u00e0 l\u2019\u00e9tranger par une forte d\u00e9l\u00e9gation de chefs d\u2019entreprise.<\/p>\n\n\n\n<p>\u00ab\u00a0Un pays se d\u00e9veloppe par son secteur priv\u00e9\u00a0\u00bb, a soutenu le pr\u00e9sident du MEDS, insistant sur la n\u00e9cessit\u00e9 de mettre \u00ab\u00a0en avant le patriotisme \u00e9conomique et la pr\u00e9f\u00e9rence nationale\u00a0\u00bb.<\/p>\n\n\n\n<p><strong>\u2018\u2019Les S\u00e9n\u00e9galais n\u2019ont pas \u00e9t\u00e9 outill\u00e9s pour devenir des capitaines d\u2019industrie\u2019\u2019<\/strong><\/p>\n\n\n\n<p>&nbsp;Le pr\u00e9sident du Mouvement des entreprises du S\u00e9n\u00e9gal (MEDS), Mbagnick Diop, analysant les faiblesses du secteur priv\u00e9 de son pays, est d\u2019avis que \u2018\u2019les S\u00e9n\u00e9galais n\u2019ont pas \u00e9t\u00e9 outill\u00e9s pour devenir des capitaines d\u2019industrie\u2019\u2019.<\/p>\n\n\n\n<p>\u2018\u2019Les S\u00e9n\u00e9galais n\u2019ont pas \u00e9t\u00e9 outill\u00e9s pour devenir des capitaines d\u2019industrie\u2019\u2019, a soutenu M. Diop, invit\u00e9 de la r\u00e9daction de l\u2019APS.<\/p>\n\n\n\n<p>C\u2019est le contraire des Ivoiriens qui, selon lui, ont \u00e9t\u00e9 encourag\u00e9s par le premier pr\u00e9sident de leur pays, F\u00e9lix Houphou\u00ebt-Boigny (1905-1993), \u00e0 d\u00e9velopper des entreprises priv\u00e9es.<\/p>\n\n\n\n<p>Prosp\u00e8re homme d\u2019affaires, le d\u00e9funt dirigeant ivoirien a tr\u00e8s t\u00f4t pouss\u00e9 ses compatriotes \u00e0 se lancer dans l\u2019initiative priv\u00e9e, a dit Mbagnick Diop, ajoutant que le premier pr\u00e9sident du S\u00e9n\u00e9gal, L\u00e9opold S\u00e9dar Senghor (1906-2001), n\u2019a pas fait la m\u00eame chose.<\/p>\n\n\n\n<p>Malgr\u00e9 la longue crise politique qu\u2019elle a connue de 2000 \u00e0 2010, l\u2019\u00e9conomie ivoirienne est rest\u00e9e debout gr\u00e2ce \u00e0 l\u2019id\u00e9e qu\u2019a eu le premier chef d\u2019Etat du pays de d\u00e9velopper le secteur priv\u00e9 local, a poursuivi le pr\u00e9sident du MEDS.<\/p>\n\n\n\n<p>\u2018\u2019Nous ne faisons qu\u2019importer. J\u2019ai peur quand j\u2019entends les donn\u00e9es des douanes\u2019\u2019, a dit Mbagnick Diop en parlant des importantes recettes douani\u00e8res tir\u00e9es des importations s\u00e9n\u00e9galaises. \u2018\u2019Il faut inverser cette tendance\u2019\u2019, a-t-il lanc\u00e9.<\/p>\n\n\n\n<p>Les dirigeants des pays industrialis\u00e9s se d\u00e9placent souvent \u00e0 l\u2019\u00e9tranger accompagn\u00e9s de chefs d\u2019entreprise, a-t-il ajout\u00e9 en donnant les exemples des pr\u00e9sidents de la Chine, des Etats-Unis d\u2019Am\u00e9rique et de la France.<\/p>\n\n\n\n<p>Les entrepreneurs prenant part aux voyages de ces leaders politiques signent d\u2019importants contrats avec les pays de leur destination, a dit Mbagnick Diop, d\u00e9plorant le fait que les dirigeants s\u00e9n\u00e9galais ne font pas de m\u00eame.<\/p>\n\n\n\n<p>Si des entrepreneurs marocains se sont bien implant\u00e9s dans l\u2019\u00e9conomie s\u00e9n\u00e9galaise, ils le doivent \u00e0 un \u2018\u2019capitaine\u2019\u2019, le roi du Maroc, Mohammed VI, a-t-il affirm\u00e9.<\/p>\n\n\n\n<p>En demandant aux dirigeants s\u00e9n\u00e9galais d\u2019avoir la m\u00eame attitude, \u2018\u2019on ne qu\u00e9mande pas\u2019\u2019, a pr\u00e9cis\u00e9 M. Diop, laissant entendre qu\u2019il s\u2019agit d\u2019int\u00e9r\u00eat national.<\/p>\n\n\n\n<p>\u2018\u2019On a besoin non seulement de produire mais de transformer et d\u2019exporter aussi. Il faut faire en sorte que l\u2019autosuffisance soit une r\u00e9alit\u00e9. S\u2019agissant du consommer local, il y a un travail de longue haleine \u00e0 faire en direction des populations pour que notre production soit consomm\u00e9e par nous-m\u00eames\u2019\u2019, a r\u00e9pondu le pr\u00e9sident du MEDS \u00e0 la question de savoir quel r\u00f4le peut jouer le secteur priv\u00e9 s\u00e9n\u00e9galais dans la politique de s\u00e9curit\u00e9 alimentaire men\u00e9e par les pouvoirs publics.<\/p>\n\n\n\n<p>\u2018\u2019Il fait de son mieux pour que nous soyons de vrais transformateurs\u2019\u2019, a-t-il ajout\u00e9 en parlant du pr\u00e9sident de la R\u00e9publique, Macky Sall.<\/p>\n\n\n\n<p><strong>\u2018\u2019Nous ne devons pas nous contenter des miettes et de la sous-traitance du p\u00e9trole\u2019\u2019<\/strong><\/p>\n\n\n\n<p>Le pr\u00e9sident du Mouvement des entreprises du S\u00e9n\u00e9gal (MEDS), Mbagnick Diop, salue les dispositions prises par les pouvoirs publics s\u00e9n\u00e9galais pour permettre au secteur priv\u00e9 local de tirer profit du p\u00e9trole et du gaz, tout en leur demandant d\u2019\u00e9viter de faire en sorte que les op\u00e9rateurs \u00e9conomiques du pays se contentent des \u2018\u2019miettes\u2019\u2019 et des activit\u00e9s de sous-traitance.<\/p>\n\n\n\n<p>\u2018\u2019Il faut que \u00e7a bouge et que nous ne nous contentions pas des miettes et de la sous-traitance. Il faut \u00e9viter cela\u2019\u2019, a pr\u00e9venu&nbsp; M. Diop dans une interview donn\u00e9e \u00e0 la r\u00e9daction de l\u2019APS.<\/p>\n\n\n\n<p>\u2018\u2019Nous sommes satisfaits mais il faut que nous nous positionnions. Il faut \u00e9viter que les majors du p\u00e9trole produisent et appuient sur un bouton pour que l\u2019argent se retrouve \u00e0 l\u2019\u00e9tranger\u2019\u2019, dans les pays d\u2019origine de ces grandes compagnies, a-t-il averti.<\/p>\n\n\n\n<p>Le pr\u00e9sident du MEDS est d\u2019avis qu\u2019\u2018\u2019il faut faire en sorte que les entrepreneurs locaux trouvent leur compte dans l\u2019exploitation du p\u00e9trole et du gaz\u2019\u2019, dont le d\u00e9marrage est pr\u00e9vu \u00e0 la fin de cette ann\u00e9e.<\/p>\n\n\n\n<p>Selon lui, de nombreux op\u00e9rateurs \u00e9conomiques s\u00e9n\u00e9galais se sont lanc\u00e9s dans une op\u00e9ration de \u2018\u2019mise \u00e0 niveau\u2019\u2019 pour \u00eatre en mesure de tirer profit des hydrocarbures que le pays s\u2019appr\u00eate \u00e0 produire apr\u00e8s la d\u00e9couverte d\u2019importants gisements p\u00e9troliers et gaziers au S\u00e9n\u00e9gal et l\u2019implantation dans le pays de grandes compagnies p\u00e9troli\u00e8res.<\/p>\n\n\n\n<p>Le pays s\u2019appr\u00eatant \u00e0 se lancer dans la production de p\u00e9trole et de gaz, \u2018\u2019il faut que les retomb\u00e9es soient au rendez-vous\u2019\u2019, a soutenu Mbagnick Diop.<\/p>\n\n\n\n<p>Il estime que l\u2019Etat a suffisamment impliqu\u00e9 le secteur priv\u00e9 \u00e0 la pr\u00e9paration de l\u2019\u00e9conomie p\u00e9troli\u00e8re et gazi\u00e8re.<\/p>\n\n\n\n<p>\u2018\u2019L\u2019Etat nous a impliqu\u00e9s. Nous travaillons avec lui en bonne intelligence\u2019\u2019, s\u2019est r\u00e9joui le pr\u00e9sident du MEDS.<\/p>\n\n\n\n<p>Plusieurs entreprises s\u00e9n\u00e9galaises ont cr\u00e9\u00e9 des entit\u00e9s d\u00e9di\u00e9es \u00e0 l\u2019\u00e9conomie du p\u00e9trole et du gaz, selon lui.<\/p>\n\n\n\n<p>\u2018\u2019C\u2019est \u00e0 nous de mettre les bouch\u00e9es doubles et d\u2019\u00e9viter que cette opportunit\u00e9 soit g\u00e2ch\u00e9e comme on l\u2019a fait ailleurs\u2019\u2019, a-t-il dit en citant l\u2019exemple du Nigeria, l\u2019un des plus grands producteurs africains de p\u00e9trole, o\u00f9 \u2018\u2019il n\u2019y a presque pas d\u2019\u00e9lectricit\u00e9\u2019\u2019 dans de nombreuses parties du pays.<\/p>\n\n\n\n<p>\u2018\u2019Le S\u00e9n\u00e9gal a une approche positive de l\u2019exploitation du p\u00e9trole\u2019\u2019, a ajout\u00e9 Mbagnick Diop.<\/p>\n\n\n\n<p><strong>Le MEDS \u2018\u2019satisfait\u2019\u2019 de la loi sur les PPP et le code des march\u00e9s publics<\/strong><\/p>\n\n\n\n<p>Le pr\u00e9sident du Mouvement des entreprises du S\u00e9n\u00e9gal (MEDS), Mbagnick Diop, s\u2019est dit &nbsp;\u00bbsatisfait&nbsp;\u00bb des derni\u00e8res modifications apport\u00e9es \u00e0 la loi relative aux partenariats public-priv\u00e9 (PPP) et au code des march\u00e9s publics en faveur du secteur priv\u00e9 s\u00e9n\u00e9galais.<\/p>\n\n\n\n<p>&nbsp;\u00bbNous sommes tr\u00e8s satisfaits parce que le secteur priv\u00e9 fait partie des inspirateurs de ces modifications&nbsp;\u00bb, a-t-il expliqu\u00e9, vendredi, lors&nbsp;d\u2019un entretien avec l\u2019APS.<\/p>\n\n\n\n<p>Pour lui, les modifications de cette loi sont \u2018\u2019une satisfaction, m\u00eame s\u2019il y a toujours des choses \u00e0 am\u00e9liorer\u2019\u2019.<\/p>\n\n\n\n<p>Il a aussi salu\u00e9 la &nbsp;\u00bbd\u00e9marche inclusive&nbsp;\u00bb de l\u2019Etat concernant les r\u00e9formes sur les march\u00e9s et sur le code des investissements. &nbsp;Avant l\u2019av\u00e8nement de l\u2019actuel r\u00e9gime, rappelle-t-il, les &nbsp;\u00bblois \u00e9taient impos\u00e9es&nbsp;\u00bb.<\/p>\n\n\n\n<p>Selon lui, le secteur priv\u00e9 figurait dans le comit\u00e9 de pilotage qui a travaill\u00e9 sur ces modifications pendant pr\u00e8s de deux ans.<\/p>\n\n\n\n<p>Il a ajout\u00e9 que le secteur priv\u00e9 a lutt\u00e9 pendant pr\u00e8s d\u2019\u2019\u2019une dizaine d\u2019ann\u00e9es\u2019\u2019 pour arriver \u00e0 ce r\u00e9sultat dont les fruits sont \u2018\u2019porteurs aujourd\u2019hui\u2019\u2019. &nbsp;\u00bbCette loi est n\u00e9cessaire&nbsp;\u00bb, a-t-il martel\u00e9, jugeant que &nbsp;\u00bble partenariat public-priv\u00e9 est fondamental&nbsp;\u00bb pour les entreprises et pour l\u2019Etat. Aussi le secteur priv\u00e9 devrait-il constituer &nbsp;\u00bble bras financier et \u00e9conomique&nbsp;\u00bb du secteur public, a-t-il estim\u00e9.<\/p>\n\n\n\n<p>Par ailleurs, le pr\u00e9sident du MDES a expos\u00e9 les principales difficult\u00e9s que rencontre le secteur priv\u00e9. Concernant celles auxquelles est confront\u00e9 le patronat s\u00e9n\u00e9galais, il a relev\u00e9 la question du &nbsp;\u00bbfinancement&nbsp;\u00bb, en faisant allusion \u00e0 l\u2019absence de banques d\u2019investissement mais [aussi] de banques commerciales au S\u00e9n\u00e9gal. Or, &nbsp;\u00bble secteur priv\u00e9 a toujours besoin d\u2019accompagnement dans les investissements&nbsp;\u00bb, fait-il remarquer.<\/p>\n\n\n\n<p>L\u2019autre difficult\u00e9 du secteur priv\u00e9 est relative \u00e0 l\u2019acc\u00e8s aux &nbsp;\u00bbgros march\u00e9s publics&nbsp;\u00bb qui \u00e9chappent au secteur priv\u00e9 \u00e0 cause de garde-fous qui cantonnent les entreprises nationales \u00e0 la sous-traitance.<\/p>\n\n\n\n<p>Le pr\u00e9sident du MDES signale que le secteur priv\u00e9 est en train de s\u2019organiser pour surmonter ces &nbsp;\u00bbdifficult\u00e9s&nbsp;\u00bb. Lorsqu\u2019il y a un march\u00e9 par exemple, explique-t-il, &nbsp;\u00bbles gens du m\u00eame secteur se mettent en consortium pour multiplier les chances&nbsp;\u00bb. C\u2019est une d\u00e9marche qui fonctionne, a-t-il relev\u00e9.<\/p>\n\n\n\n<p>Il souligne que&nbsp;les entreprises s\u00e9n\u00e9galaises ont beaucoup travaill\u00e9 avec le Programme d\u2019urgence de d\u00e9veloppement communautaire (PUDC), le Programme d\u2019urgence de modernisation des axes et territoires frontaliers (PUMA) et d\u2019autres grands projets de l\u2019Etat&nbsp;\u00bb.<\/p>\n\n\n\n<p><strong>Situation politique : Mbagnick Diop relaie \u00ab&nbsp;\u2018inqui\u00e9tude&nbsp;\u00bb du secteur priv\u00e9<\/strong><\/p>\n\n\n\n<p>Le pr\u00e9sident du Mouvement des entreprises du S\u00e9n\u00e9gal (MEDS), Mbagnick Diop, a fait part vendredi de l&nbsp;\u00bb\u2019inqui\u00e9tude&nbsp;\u00bb du secteur priv\u00e9 au sujet de la situation politique tr\u00e8s tendue qui pr\u00e9vaut au S\u00e9n\u00e9gal ces derniers mois, en perspective de l\u2019\u00e9lection pr\u00e9sidentielle de 2024.<\/p>\n\n\n\n<p>&nbsp;\u00bbAujourd\u2019hui, le secteur priv\u00e9 est inquiet. Le patronat est inquiet. L\u2019environnement des affaires est inquiet, parce que nous sommes pris en otage par les politiques et personne n\u2019a une lisibilit\u00e9 objective de ce qui va arriver&nbsp;\u00bb, a d\u00e9plor\u00e9 Mbagnick Diop, invit\u00e9 vendredi de la r\u00e9daction de l\u2019APS en pr\u00e9lude des Cauris d\u2019or qu\u2019organise le MEDS, le 10 juin prochain.<\/p>\n\n\n\n<p>&nbsp;\u00bbLorsque nous sommes \u00e0 l\u2019\u00e9tranger avec nos homologues, nous constatons que la situation politique inqui\u00e8te les potentiels investisseurs&nbsp;\u00bb, a-t-il poursuivi.<\/p>\n\n\n\n<p>Le pr\u00e9sident du MEDS a d\u00e9plor\u00e9 ce qu\u2019il qualifie de &nbsp;\u00bbprise en otage&nbsp;\u00bb du pays par les hommes politiques, notant que &nbsp;\u00bble S\u00e9n\u00e9galais n\u2019est aujourd\u2019hui format\u00e9 que par la politique&nbsp;\u00bb.<\/p>\n\n\n\n<p>&nbsp;\u00bbIl n\u2019y a pas que les politiques au S\u00e9n\u00e9gal. Il y a aussi des scientifiques, des artistes et des capitaines d\u2019industrie. Mais, on n\u2019entend que les hommes politiques&nbsp;\u00bb, a-t-il regrett\u00e9. Selon Mbagnick Diop, le S\u00e9n\u00e9gal est dans un &nbsp;\u00bbtournant d\u00e9cisif&nbsp;\u00bb et &nbsp;\u00bbnous ne devons pas laisser la parole aux seuls politiciens qui ne vont parler que de politique et d\u2019invectives&nbsp;\u00bb.<\/p>\n\n\n\n<p>&nbsp;\u00bbNous avons un pays tr\u00e8s envi\u00e9 et nous devons maintenir le cap pour que le S\u00e9n\u00e9gal reste un havre de paix&nbsp;\u00bb, a-t-il exhort\u00e9, insistant sur la n\u00e9cessit\u00e9 de &nbsp;\u00bbdialoguer pour revenir \u00e0 ce que le S\u00e9n\u00e9gal a toujours connu en termes de respect et de solidarit\u00e9&nbsp;\u00bb.<\/p>\n\n\n\n<p>L\u2019op\u00e9rateur \u00e9conomique a \u00e9galement invit\u00e9 les acteurs politiques \u00e0 aller vers des &nbsp;\u00bbcomp\u00e9titions saines&nbsp;\u00bb, disant constater &nbsp;\u00bbla mont\u00e9e d\u2019une animosit\u00e9 entre les principaux acteurs politiques qui ne sont plus dans l\u2019adversit\u00e9&nbsp;\u00bb. Cette situation, a-t-il insist\u00e9, &nbsp;\u00bbinqui\u00e8te le potentiel investisseur qui a besoin d\u2019un environnement des affaires propice et serein&nbsp;\u00bb.<\/p>\n\n\n\n<p><strong>&nbsp; &nbsp; &nbsp; &nbsp; &nbsp; &nbsp; &nbsp; &nbsp; &nbsp; &nbsp; &nbsp; &nbsp; &nbsp; &nbsp; &nbsp; &nbsp; &nbsp; &nbsp; &nbsp; &nbsp; &nbsp; &nbsp; &nbsp; &nbsp; &nbsp; &nbsp; &nbsp; &nbsp; &nbsp;&nbsp;\u00bbChangement dans le mauvais sens&nbsp;\u00bb<\/strong><\/p>\n\n\n\n<p>Le pr\u00e9sident du MEDS a \u00e9galement d\u00e9plor\u00e9 le \u2018\u2019d\u00e9s\u0153uvrement d\u2019une frange importante des jeunes (\u2026) qui sont sur les r\u00e9seaux sociaux, en proie \u00e0 des manipulations&nbsp;\u00bb.<\/p>\n\n\n\n<p>&nbsp;\u00bbIl faut \u00e9viter de casser. Il faut assister les jeunes et leur donner des perspectives, les amener \u00e0 prendre conscience de ce que nous avons. Nous sommes un pays envi\u00e9 dans le monde [\u2026]&nbsp;\u00bb, a-t-il relev\u00e9.<\/p>\n\n\n\n<p>&nbsp;\u00bbJe ne pense pas qu\u2019il soit n\u00e9cessaire de casser ce pays pour arriver au pouvoir. Nous devons tous prendre conscience de ce que nous vivons et mettre en avant le S\u00e9n\u00e9gal. Le plus important, c\u2019est le S\u00e9n\u00e9gal&nbsp;\u00bb, a-t-il ajout\u00e9.<\/p>\n\n\n\n<p>&nbsp;\u00bbLa tendance aujourd\u2019hui est de tout casser. Au S\u00e9n\u00e9gal, on change de paradigme mais dans le mauvais sens. C\u2019est \u00e0 nous de porter le S\u00e9n\u00e9gal et de faire tous notre job. Et c\u2019est la somme de tout cela qui va faire d\u00e9velopper le pays&nbsp;\u00bb, a-t-il estim\u00e9.<\/p>\n\n\n\n<p><strong>La 18e \u00e9dition des Cauris d\u2019or c\u00e9l\u00e8bre la pers\u00e9v\u00e9rance<\/strong><\/p>\n\n\n\n<p>La 18<sup>e<\/sup>&nbsp;\u00e9dition des Cauris d\u2019or, pr\u00e9vue le 10 juin, va c\u00e9l\u00e9brer la pers\u00e9v\u00e9rance, \u2018\u2019une qualit\u00e9 fondamentale non seulement pour une personne mais pour toute entit\u00e9\u2019\u2019, a appris l\u2019APS du pr\u00e9sident du Mouvement des entreprises du S\u00e9n\u00e9gal (MEDS), initiateur de l\u2019\u00e9v\u00e8nement.<\/p>\n\n\n\n<p>\u2018\u2019Cette ann\u00e9e, la th\u00e9matique retenue c\u2019est la pers\u00e9v\u00e9rance qui englobe tout\u2019\u2019, a-t-il confi\u00e9 \u00e0 la r\u00e9daction de l\u2019APS dont il \u00e9tait l\u2019invit\u00e9. Il a rappel\u00e9 que l\u2019ann\u00e9e derni\u00e8re, l\u2019\u00e9v\u00e8nement avait \u00e9t\u00e9 ax\u00e9 sur le th\u00e8me \u2018\u2019la constance\u2019\u2019.<\/p>\n\n\n\n<p>\u2018\u2019Chaque ann\u00e9e, on met en lumi\u00e8re un th\u00e8me qui r\u00e9pond \u00e0 l\u2019\u00e9volution non seulement des cauris mais \u00e0 l\u2019\u00e9volution du monde\u2019\u2019, a dit Mbanick Diop.<\/p>\n\n\n\n<p>Selon lui, \u2018\u2019la pers\u00e9v\u00e9rance est une qualit\u00e9 fondamentale non seulement pour une personne mais pour toute entit\u00e9\u2019\u2019.<\/p>\n\n\n\n<p>Il a pr\u00e9sent\u00e9 les Cauris d\u2019or comme une initiative \u2018\u2019prestigieuse\u2019\u2019 et \u2018\u2019surtout l\u00e9gendaire\u2019\u2019. Elle est \u2018\u2019la premi\u00e8re du genre en Afrique\u2019\u2019, a-t-il vant\u00e9.<\/p>\n\n\n\n<p>Mbagnick Diop s\u2019est r\u00e9joui \u2018\u2019de cette constance, de porter pendant pr\u00e8s de 20 ans ce concept novateur\u2019\u2019.<\/p>\n\n\n\n<p>Faisant la gen\u00e8se des Cauris d\u2019or, il a rappel\u00e9 qu\u2019il est parti du constat, dans les ann\u00e9es 2000, qu\u2019\u2018\u2019il n\u2019y avait absolument rien pour c\u00e9l\u00e9brer les champions s\u00e9n\u00e9galais, les champions africains\u2019\u2019.<\/p>\n\n\n\n<p>\u2018\u2019Si je parle de champions, je parle de capitaine d\u2019industrie, de chefs d\u2019entreprise, de d\u00e9cideurs et apr\u00e8s r\u00e9flexion, j\u2019ai pens\u00e9 qu\u2019il fallait cr\u00e9er un \u00e9v\u00e9nement. Ceux qui faisaient l\u2019\u00e9conomie, ceux qui faisaient bouger le continent ceux qui faisaient bouger le S\u00e9n\u00e9gal d\u2019o\u00f9 les cauris\u2019\u2019, a-t-il expliqu\u00e9.<\/p>\n\n\n\n<p>A propos de la notion des Cauris, il dit s\u2019\u00eatre inspir\u00e9 des coquillages utilis\u00e9s notamment au moyen \u00e2ge \u2018\u2019comme monnaie d\u2019\u00e9change\u2019\u2019.<\/p>\n\n\n\n<p>\u2018\u2019Ces coquillages ont \u00e9volu\u00e9 pour devenir monnaie et comme on parle \u00e9conomie, on parle entreprises, j\u2019ai choisi ce symbole\u2019\u2019, a-t-il dit.<\/p>\n\n\n\n<h1 class=\"wp-block-heading\">IMAGES<\/h1>\n\n\n<div class=\"wp-block-image\">\n<figure class=\"aligncenter\"><img decoding=\"async\" src=\"https:\/\/aps.sn\/wp-content\/uploads\/2023\/05\/xINV10.jpg.pagespeed.ic.gx8UMMJL35.webp\" alt=\"\" class=\"wp-image-13909\"\/><\/figure>\n<\/div>\n\n<div class=\"wp-block-image\">\n<figure class=\"aligncenter\"><img decoding=\"async\" src=\"https:\/\/aps.sn\/wp-content\/uploads\/2023\/05\/xinv1.jpg.pagespeed.ic.9F9ueM5mAG.webp\" alt=\"\" class=\"wp-image-13910\"\/><\/figure>\n<\/div>\n\n\n<p>FGuirassy<\/p>\n","protected":false},"excerpt":{"rendered":"<p>Le MEDS veut l\u2019institutionnalisation d\u2019une \u00ab&nbsp;rencontre p\u00e9riodique&nbsp;\u00bb entre le chef de l\u2019Etat et le patronat Dakar, 26 mai (APS) \u2013 Le pr\u00e9sident du Mouvement des entreprises du S\u00e9n\u00e9gal (MEDS), Mbagnick Diop, sugg\u00e8re &nbsp;\u00bbl\u2019institutionnalisation&nbsp;\u00bb d\u2019une rencontre p\u00e9riodique tous les trois mois entre le pr\u00e9sident de la R\u00e9publique et le secteur priv\u00e9, en vue d\u2019\u00e9changer avec des&hellip; <br \/> <a class=\"read-more\" href=\"https:\/\/mbagnickdiop.com\/?p=993\">Lire la suite<\/a><\/p>\n","protected":false},"author":1,"featured_media":994,"comment_status":"closed","ping_status":"closed","sticky":false,"template":"","format":"standard","meta":{"footnotes":""},"categories":[12],"tags":[],"class_list":["post-993","post","type-post","status-publish","format-standard","has-post-thumbnail","hentry","category-actualites"],"_links":{"self":[{"href":"https:\/\/mbagnickdiop.com\/index.php?rest_route=\/wp\/v2\/posts\/993","targetHints":{"allow":["GET"]}}],"collection":[{"href":"https:\/\/mbagnickdiop.com\/index.php?rest_route=\/wp\/v2\/posts"}],"about":[{"href":"https:\/\/mbagnickdiop.com\/index.php?rest_route=\/wp\/v2\/types\/post"}],"author":[{"embeddable":true,"href":"https:\/\/mbagnickdiop.com\/index.php?rest_route=\/wp\/v2\/users\/1"}],"replies":[{"embeddable":true,"href":"https:\/\/mbagnickdiop.com\/index.php?rest_route=%2Fwp%2Fv2%2Fcomments&post=993"}],"version-history":[{"count":2,"href":"https:\/\/mbagnickdiop.com\/index.php?rest_route=\/wp\/v2\/posts\/993\/revisions"}],"predecessor-version":[{"id":1010,"href":"https:\/\/mbagnickdiop.com\/index.php?rest_route=\/wp\/v2\/posts\/993\/revisions\/1010"}],"wp:featuredmedia":[{"embeddable":true,"href":"https:\/\/mbagnickdiop.com\/index.php?rest_route=\/wp\/v2\/media\/994"}],"wp:attachment":[{"href":"https:\/\/mbagnickdiop.com\/index.php?rest_route=%2Fwp%2Fv2%2Fmedia&parent=993"}],"wp:term":[{"taxonomy":"category","embeddable":true,"href":"https:\/\/mbagnickdiop.com\/index.php?rest_route=%2Fwp%2Fv2%2Fcategories&post=993"},{"taxonomy":"post_tag","embeddable":true,"href":"https:\/\/mbagnickdiop.com\/index.php?rest_route=%2Fwp%2Fv2%2Ftags&post=993"}],"curies":[{"name":"wp","href":"https:\/\/api.w.org\/{rel}","templated":true}]}}